{"id":39845,"date":"2025-07-01T11:47:47","date_gmt":"2025-07-01T14:47:47","guid":{"rendered":"https:\/\/radiostudiow.com.br\/site\/?p=39845"},"modified":"2025-07-01T12:37:29","modified_gmt":"2025-07-01T15:37:29","slug":"mulher-denuncia-companheiro-por-ameaca-com-faca-em-rio-claro-do-sul-distrito-de-mallet","status":"publish","type":"post","link":"https:\/\/radiostudiow.com.br\/site\/2025\/07\/01\/mulher-denuncia-companheiro-por-ameaca-com-faca-em-rio-claro-do-sul-distrito-de-mallet\/","title":{"rendered":"Mulher denuncia companheiro por amea\u00e7a com faca em Rio Claro do Sul, distrito de Mallet"},"content":{"rendered":"\n<figure class=\"wp-block-image size-full\"><img loading=\"lazy\" decoding=\"async\" width=\"897\" height=\"204\" src=\"https:\/\/radiostudiow.com.br\/site\/wp-content\/uploads\/2025\/02\/SITE-GRANDE7.png\" alt=\"\" class=\"wp-image-33861\" srcset=\"https:\/\/radiostudiow.com.br\/site\/wp-content\/uploads\/2025\/02\/SITE-GRANDE7.png 897w, https:\/\/radiostudiow.com.br\/site\/wp-content\/uploads\/2025\/02\/SITE-GRANDE7-300x68.png 300w, https:\/\/radiostudiow.com.br\/site\/wp-content\/uploads\/2025\/02\/SITE-GRANDE7-768x175.png 768w\" sizes=\"auto, (max-width: 897px) 100vw, 897px\" \/><\/figure>\n\n\n\n<p><\/p>\n\n\n\n<p style=\"font-size:21px\">Na noite de sexta-feira (27), por volta das 21h10, uma mulher solicitou a Pol\u00edcia Militar, para denunciar uma grave situa\u00e7\u00e3o de amea\u00e7a dom\u00e9stica ocorrida no Distrito de Rio Claro do Sul, \u00e1rea rural do munic\u00edpio de Mallet.<\/p>\n\n\n\n<p style=\"font-size:21px\">Segundo relato da v\u00edtima, ela estava em casa com seu companheiro quando foi orientada por ele a ir dormir. Ao responder que ainda era cedo, o homem teria reagido de forma agressiva, indo at\u00e9 a cozinha, onde pegou uma faca e passou a amea\u00e7\u00e1-la, ordenando novamente que ela fosse se deitar.<\/p>\n\n\n\n<p style=\"font-size:21px\">Assustada com a atitude do companheiro, a mulher correu para fora da resid\u00eancia e buscou ajuda na casa do cunhado, que vive no terreno ao lado. A v\u00edtima n\u00e3o soube informar \u00e0 equipe policial o paradeiro do agressor ap\u00f3s o ocorrido.<\/p>\n\n\n\n<p><\/p>\n\n\n\n<figure class=\"wp-block-gallery has-nested-images columns-default is-cropped wp-block-gallery-1 is-layout-flex wp-block-gallery-is-layout-flex\">\n<figure class=\"wp-block-image size-large\"><img loading=\"lazy\" decoding=\"async\" width=\"598\" height=\"204\" data-id=\"39667\" src=\"https:\/\/radiostudiow.com.br\/site\/wp-content\/uploads\/2025\/06\/SITE-MEDIO.png\" alt=\"\" class=\"wp-image-39667\" srcset=\"https:\/\/radiostudiow.com.br\/site\/wp-content\/uploads\/2025\/06\/SITE-MEDIO.png 598w, https:\/\/radiostudiow.com.br\/site\/wp-content\/uploads\/2025\/06\/SITE-MEDIO-300x102.png 300w\" sizes=\"auto, (max-width: 598px) 100vw, 598px\" \/><\/figure>\n\n\n\n<figure class=\"wp-block-image size-large\"><img loading=\"lazy\" decoding=\"async\" width=\"598\" height=\"204\" data-id=\"39620\" src=\"https:\/\/radiostudiow.com.br\/site\/wp-content\/uploads\/2025\/06\/GIF-medio-2.gif\" alt=\"\" class=\"wp-image-39620\"\/><\/figure>\n<\/figure>\n\n\n\n<p><\/p>\n\n\n\n<p style=\"font-size:21px\">A Pol\u00edcia Militar atendeu \u00e0 ocorr\u00eancia e orientou a mulher quanto aos procedimentos legais a serem tomados, como o registro de boletim de ocorr\u00eancia e a possibilidade de medidas protetivas.<\/p>\n\n\n\n<p style=\"font-size:21px\">O caso ser\u00e1 encaminhado para investiga\u00e7\u00e3o por parte da Pol\u00edcia Civil. A viol\u00eancia dom\u00e9stica \u00e9 crime e deve ser denunciada. Em situa\u00e7\u00f5es de risco, a orienta\u00e7\u00e3o \u00e9 acionar imediatamente os canais de emerg\u00eancia.<\/p>\n\n\n\n<p><\/p>\n\n\n\n<figure class=\"wp-block-image size-full\"><img loading=\"lazy\" decoding=\"async\" width=\"897\" height=\"204\" src=\"https:\/\/radiostudiow.com.br\/site\/wp-content\/uploads\/2025\/01\/SITE-GRANDE3.png\" alt=\"\" class=\"wp-image-32900\" srcset=\"https:\/\/radiostudiow.com.br\/site\/wp-content\/uploads\/2025\/01\/SITE-GRANDE3.png 897w, https:\/\/radiostudiow.com.br\/site\/wp-content\/uploads\/2025\/01\/SITE-GRANDE3-300x68.png 300w, https:\/\/radiostudiow.com.br\/site\/wp-content\/uploads\/2025\/01\/SITE-GRANDE3-768x175.png 768w\" sizes=\"auto, (max-width: 897px) 100vw, 897px\" \/><\/figure>\n","protected":false},"excerpt":{"rendered":"<p>Na noite de sexta-feira (27), por volta das 21h10, uma mulher solicitou a Pol\u00edcia Militar, para denunciar uma grave situa\u00e7\u00e3o de amea\u00e7a dom\u00e9stica ocorrida no Distrito de Rio Claro do Sul, \u00e1rea rural do munic\u00edpio de Mallet. Segundo relato da v\u00edtima, ela estava em casa com seu companheiro quando foi orientada por ele a ir [&hellip;]<\/p>\n","protected":false},"author":2,"featured_media":17329,"comment_status":"open","ping_status":"open","sticky":false,"template":"","format":"standard","meta":{"footnotes":""},"categories":[184,2],"tags":[172],"class_list":["post-39845","post","type-post","status-publish","format-standard","has-post-thumbnail","hentry","category-local","category-policial","tag-featured"],"amp_enabled":true,"_links":{"self":[{"href":"https:\/\/radiostudiow.com.br\/site\/wp-json\/wp\/v2\/posts\/39845","targetHints":{"allow":["GET"]}}],"collection":[{"href":"https:\/\/radiostudiow.com.br\/site\/wp-json\/wp\/v2\/posts"}],"about":[{"href":"https:\/\/radiostudiow.com.br\/site\/wp-json\/wp\/v2\/types\/post"}],"author":[{"embeddable":true,"href":"https:\/\/radiostudiow.com.br\/site\/wp-json\/wp\/v2\/users\/2"}],"replies":[{"embeddable":true,"href":"https:\/\/radiostudiow.com.br\/site\/wp-json\/wp\/v2\/comments?post=39845"}],"version-history":[{"count":3,"href":"https:\/\/radiostudiow.com.br\/site\/wp-json\/wp\/v2\/posts\/39845\/revisions"}],"predecessor-version":[{"id":39850,"href":"https:\/\/radiostudiow.com.br\/site\/wp-json\/wp\/v2\/posts\/39845\/revisions\/39850"}],"wp:featuredmedia":[{"embeddable":true,"href":"https:\/\/radiostudiow.com.br\/site\/wp-json\/wp\/v2\/media\/17329"}],"wp:attachment":[{"href":"https:\/\/radiostudiow.com.br\/site\/wp-json\/wp\/v2\/media?parent=39845"}],"wp:term":[{"taxonomy":"category","embeddable":true,"href":"https:\/\/radiostudiow.com.br\/site\/wp-json\/wp\/v2\/categories?post=39845"},{"taxonomy":"post_tag","embeddable":true,"href":"https:\/\/radiostudiow.com.br\/site\/wp-json\/wp\/v2\/tags?post=39845"}],"curies":[{"name":"wp","href":"https:\/\/api.w.org\/{rel}","templated":true}]}}