{"id":39851,"date":"2025-07-01T17:23:46","date_gmt":"2025-07-01T20:23:46","guid":{"rendered":"https:\/\/radiostudiow.com.br\/site\/?p=39851"},"modified":"2025-07-01T17:23:46","modified_gmt":"2025-07-01T20:23:46","slug":"prf-apreende-355-kg-de-maconha-em-caminhonete-clonada-apos-perseguicao-na-br-277","status":"publish","type":"post","link":"https:\/\/radiostudiow.com.br\/site\/2025\/07\/01\/prf-apreende-355-kg-de-maconha-em-caminhonete-clonada-apos-perseguicao-na-br-277\/","title":{"rendered":"PRF apreende 355 kg de maconha, em caminhonete clonada, ap\u00f3s persegui\u00e7\u00e3o na BR-277"},"content":{"rendered":"\n<figure class=\"wp-block-image size-full\"><img loading=\"lazy\" decoding=\"async\" width=\"300\" height=\"180\" src=\"https:\/\/radiostudiow.com.br\/site\/wp-content\/uploads\/2025\/05\/SITE-PEQUENO.jpg\" alt=\"\" class=\"wp-image-38684\"\/><\/figure>\n\n\n\n<p>Um carregamento de 355 quilos de maconha foi apreendido pela Pol\u00edcia Rodovi\u00e1ria Federal na tarde de segunda-feira (30), na BR-277, em Balsa Nova, regi\u00e3o metropolitana de Curitiba. A droga estava escondida em uma caminhonete com registro de furto.<\/p>\n\n\n\n<p>Durante fiscaliza\u00e7\u00e3o na Br 277, os policiais deram ordem de parada ao veiculo suspeito, que foi desobedecida. O condutor fugiu pela rodovia, sendo perseguido at\u00e9 perder o controle e sair da pista.<\/p>\n\n\n\n<p>Durante a vistoria, os policiais encontraram tabletes de maconha no compartimento de carga. O condutor, um homem de 25 anos, disse que saiu de Umuarama e entregaria a droga em Santa Catarina.<\/p>\n\n\n\n<p>O veiculo, preso e a droga foram encaminhados \u00e0 Pol\u00edcia Civil de Campo Largo.<\/p>\n\n\n\n<figure class=\"wp-block-image size-full\"><img loading=\"lazy\" decoding=\"async\" width=\"598\" height=\"204\" src=\"https:\/\/radiostudiow.com.br\/site\/wp-content\/uploads\/2025\/05\/BEAZY.jpg.png\" alt=\"\" class=\"wp-image-38197\" srcset=\"https:\/\/radiostudiow.com.br\/site\/wp-content\/uploads\/2025\/05\/BEAZY.jpg.png 598w, https:\/\/radiostudiow.com.br\/site\/wp-content\/uploads\/2025\/05\/BEAZY.jpg-300x102.png 300w\" sizes=\"auto, (max-width: 598px) 100vw, 598px\" \/><\/figure>\n\n\n\n<p><em>Assessoria PRF<\/em><\/p>\n","protected":false},"excerpt":{"rendered":"<p>Um carregamento de 355 quilos de maconha foi apreendido pela Pol\u00edcia Rodovi\u00e1ria Federal na tarde de segunda-feira (30), na BR-277, em Balsa Nova, regi\u00e3o metropolitana de Curitiba. A droga estava escondida em uma caminhonete com registro de furto. Durante fiscaliza\u00e7\u00e3o na Br 277, os policiais deram ordem de parada ao veiculo suspeito, que foi desobedecida. [&hellip;]<\/p>\n","protected":false},"author":2,"featured_media":39852,"comment_status":"open","ping_status":"open","sticky":false,"template":"","format":"standard","meta":{"footnotes":""},"categories":[2],"tags":[172],"class_list":["post-39851","post","type-post","status-publish","format-standard","has-post-thumbnail","hentry","category-policial","tag-featured"],"amp_enabled":true,"_links":{"self":[{"href":"https:\/\/radiostudiow.com.br\/site\/wp-json\/wp\/v2\/posts\/39851","targetHints":{"allow":["GET"]}}],"collection":[{"href":"https:\/\/radiostudiow.com.br\/site\/wp-json\/wp\/v2\/posts"}],"about":[{"href":"https:\/\/radiostudiow.com.br\/site\/wp-json\/wp\/v2\/types\/post"}],"author":[{"embeddable":true,"href":"https:\/\/radiostudiow.com.br\/site\/wp-json\/wp\/v2\/users\/2"}],"replies":[{"embeddable":true,"href":"https:\/\/radiostudiow.com.br\/site\/wp-json\/wp\/v2\/comments?post=39851"}],"version-history":[{"count":1,"href":"https:\/\/radiostudiow.com.br\/site\/wp-json\/wp\/v2\/posts\/39851\/revisions"}],"predecessor-version":[{"id":39853,"href":"https:\/\/radiostudiow.com.br\/site\/wp-json\/wp\/v2\/posts\/39851\/revisions\/39853"}],"wp:featuredmedia":[{"embeddable":true,"href":"https:\/\/radiostudiow.com.br\/site\/wp-json\/wp\/v2\/media\/39852"}],"wp:attachment":[{"href":"https:\/\/radiostudiow.com.br\/site\/wp-json\/wp\/v2\/media?parent=39851"}],"wp:term":[{"taxonomy":"category","embeddable":true,"href":"https:\/\/radiostudiow.com.br\/site\/wp-json\/wp\/v2\/categories?post=39851"},{"taxonomy":"post_tag","embeddable":true,"href":"https:\/\/radiostudiow.com.br\/site\/wp-json\/wp\/v2\/tags?post=39851"}],"curies":[{"name":"wp","href":"https:\/\/api.w.org\/{rel}","templated":true}]}}