{"id":39857,"date":"2025-07-01T17:57:26","date_gmt":"2025-07-01T20:57:26","guid":{"rendered":"https:\/\/radiostudiow.com.br\/site\/?p=39857"},"modified":"2025-07-01T17:57:27","modified_gmt":"2025-07-01T20:57:27","slug":"saude-de-imbituva-se-manifesta-apos-briga-entre-usuario-e-medico-no-pa","status":"publish","type":"post","link":"https:\/\/radiostudiow.com.br\/site\/2025\/07\/01\/saude-de-imbituva-se-manifesta-apos-briga-entre-usuario-e-medico-no-pa\/","title":{"rendered":"Sa\u00fade de Imbituva se manifesta ap\u00f3s briga entre usu\u00e1rio e m\u00e9dico no PA"},"content":{"rendered":"\n<figure class=\"wp-block-image size-full\"><img loading=\"lazy\" decoding=\"async\" width=\"897\" height=\"204\" src=\"https:\/\/radiostudiow.com.br\/site\/wp-content\/uploads\/2024\/01\/SITE-GRANDE3.png\" alt=\"zaions\" class=\"wp-image-18936\" srcset=\"https:\/\/radiostudiow.com.br\/site\/wp-content\/uploads\/2024\/01\/SITE-GRANDE3.png 897w, https:\/\/radiostudiow.com.br\/site\/wp-content\/uploads\/2024\/01\/SITE-GRANDE3-300x68.png 300w, https:\/\/radiostudiow.com.br\/site\/wp-content\/uploads\/2024\/01\/SITE-GRANDE3-768x175.png 768w\" sizes=\"auto, (max-width: 897px) 100vw, 897px\" \/><\/figure>\n\n\n\n<p>A secretaria de Sa\u00fade de\u00a0Imbituva\u00a0publicou uma nota prestando esclarecimentos ap\u00f3s uma briga entre um usu\u00e1rio e um m\u00e9dico no Pronto Atendimento Municipal, na tarde de quinta-feira. O morador estava aguardando o atendimento da sua filha de pouco mais de um ano de idade quando ocorreu o incidente. Insatisfeito com a demora no atendimento, o homem passou a gravar a situa\u00e7\u00e3o, o que gerou uma discuss\u00e3o verbal entre ele e o m\u00e9dico.<\/p>\n\n\n\n<p>Segundo a Pol\u00edcia Militar, houve troca de empurr\u00f5es entre o profissional e o morador de Imbituva. Alguns v\u00eddeos da discuss\u00e3o foram divulgados nas redes sociais pelo usu\u00e1rio, que criticou o comportamento do m\u00e9dico.<\/p>\n\n\n\n<p>Em nota divulgada na manh\u00e3 de hoje, a secretaria de Sa\u00fade de Imbituva informou que tr\u00eas m\u00e9dicos plantonistas, enfermeiros e t\u00e9cnicos de enfermagem estavam mobilizados para atender uma situa\u00e7\u00e3o de emerg\u00eancia envolvendo uma gestante em risco. Por esse motivo, ela recebeu atendimento priorit\u00e1rio.<\/p>\n\n\n\n<figure class=\"wp-block-image size-full\"><img loading=\"lazy\" decoding=\"async\" width=\"598\" height=\"204\" src=\"https:\/\/radiostudiow.com.br\/site\/wp-content\/uploads\/2024\/01\/SITE-MEDIO.png\" alt=\"\" class=\"wp-image-18916\" srcset=\"https:\/\/radiostudiow.com.br\/site\/wp-content\/uploads\/2024\/01\/SITE-MEDIO.png 598w, https:\/\/radiostudiow.com.br\/site\/wp-content\/uploads\/2024\/01\/SITE-MEDIO-300x102.png 300w\" sizes=\"auto, (max-width: 598px) 100vw, 598px\" \/><\/figure>\n\n\n\n<p><em><strong>\u201cLamentavelmente, durante este momento de tens\u00e3o, houve uma atitude inadequada por parte de um paciente que adentrou indevidamente e sem autoriza\u00e7\u00e3o em \u00e1rea restrita destinada aos atendimentos m\u00e9dicos e passou a filmar os profissionais no exerc\u00edcio de suas fun\u00e7\u00f5es. Tal conduta configura, al\u00e9m de viola\u00e7\u00e3o de normas, um total desrespeito ao ambiente de atendimento, com risco \u00e0 seguran\u00e7a, \u00e0 privacidade e \u00e0 integridade dos pacientes e profissionais. Reconhecemos, contudo, que a rea\u00e7\u00e3o do profissional m\u00e9dico envolvido no epis\u00f3dio foi incompat\u00edvel com os princ\u00edpios da conduta \u00e9tica e profissional que regem o servi\u00e7o p\u00fablico de sa\u00fade. O referido profissional pertence a uma empresa terceirizada que presta servi\u00e7os m\u00e9dicos ao munic\u00edpio, e a secretaria j\u00e1 notificou formalmente a empresa para o afastamento do profissional com intuito de preservar as partes<\/strong>\u201d, diz um trecho da nota assinada pelo secret\u00e1rio de Sa\u00fade de Imbituva, Jos\u00e9 Valdenei Menon.<\/em><\/p>\n\n\n\n<p>Na nota, ele tamb\u00e9m indica que a secretaria instaurou um procedimento interno para ouvir todos os envolvidos. O secret\u00e1rio ainda exp\u00f5e que algumas medidas ser\u00e3o tomadas para refor\u00e7ar a seguran\u00e7a, organizar fluxos de atendimento e comunica\u00e7\u00e3o com usu\u00e1rios para evitar que situa\u00e7\u00f5es como essa se repitam.<\/p>\n\n\n\n<p><a href=\"https:\/\/www.instagram.com\/alanadocesoficial\/\" target=\"_blank\" rel=\"noreferrer noopener\"><\/a><\/p>\n","protected":false},"excerpt":{"rendered":"<p>A secretaria de Sa\u00fade de\u00a0Imbituva\u00a0publicou uma nota prestando esclarecimentos ap\u00f3s uma briga entre um usu\u00e1rio e um m\u00e9dico no Pronto Atendimento Municipal, na tarde de quinta-feira. O morador estava aguardando o atendimento da sua filha de pouco mais de um ano de idade quando ocorreu o incidente. Insatisfeito com a demora no atendimento, o homem [&hellip;]<\/p>\n","protected":false},"author":2,"featured_media":39858,"comment_status":"open","ping_status":"open","sticky":false,"template":"","format":"standard","meta":{"footnotes":""},"categories":[185],"tags":[172],"class_list":["post-39857","post","type-post","status-publish","format-standard","has-post-thumbnail","hentry","category-regional","tag-featured"],"amp_enabled":true,"_links":{"self":[{"href":"https:\/\/radiostudiow.com.br\/site\/wp-json\/wp\/v2\/posts\/39857","targetHints":{"allow":["GET"]}}],"collection":[{"href":"https:\/\/radiostudiow.com.br\/site\/wp-json\/wp\/v2\/posts"}],"about":[{"href":"https:\/\/radiostudiow.com.br\/site\/wp-json\/wp\/v2\/types\/post"}],"author":[{"embeddable":true,"href":"https:\/\/radiostudiow.com.br\/site\/wp-json\/wp\/v2\/users\/2"}],"replies":[{"embeddable":true,"href":"https:\/\/radiostudiow.com.br\/site\/wp-json\/wp\/v2\/comments?post=39857"}],"version-history":[{"count":1,"href":"https:\/\/radiostudiow.com.br\/site\/wp-json\/wp\/v2\/posts\/39857\/revisions"}],"predecessor-version":[{"id":39859,"href":"https:\/\/radiostudiow.com.br\/site\/wp-json\/wp\/v2\/posts\/39857\/revisions\/39859"}],"wp:featuredmedia":[{"embeddable":true,"href":"https:\/\/radiostudiow.com.br\/site\/wp-json\/wp\/v2\/media\/39858"}],"wp:attachment":[{"href":"https:\/\/radiostudiow.com.br\/site\/wp-json\/wp\/v2\/media?parent=39857"}],"wp:term":[{"taxonomy":"category","embeddable":true,"href":"https:\/\/radiostudiow.com.br\/site\/wp-json\/wp\/v2\/categories?post=39857"},{"taxonomy":"post_tag","embeddable":true,"href":"https:\/\/radiostudiow.com.br\/site\/wp-json\/wp\/v2\/tags?post=39857"}],"curies":[{"name":"wp","href":"https:\/\/api.w.org\/{rel}","templated":true}]}}