{"id":39860,"date":"2025-07-01T18:09:06","date_gmt":"2025-07-01T21:09:06","guid":{"rendered":"https:\/\/radiostudiow.com.br\/site\/?p=39860"},"modified":"2025-07-01T18:09:06","modified_gmt":"2025-07-01T21:09:06","slug":"paranaense-desaparece-na-ucrania-apos-avisar-mae-que-iria-para-linha-de-frente-da-guerra","status":"publish","type":"post","link":"https:\/\/radiostudiow.com.br\/site\/2025\/07\/01\/paranaense-desaparece-na-ucrania-apos-avisar-mae-que-iria-para-linha-de-frente-da-guerra\/","title":{"rendered":"Paranaense desaparece na Ucr\u00e2nia ap\u00f3s avisar m\u00e3e que iria para linha de frente da guerra"},"content":{"rendered":"\n<figure class=\"wp-block-image size-large\"><img loading=\"lazy\" decoding=\"async\" width=\"1024\" height=\"315\" src=\"https:\/\/radiostudiow.com.br\/site\/wp-content\/uploads\/2025\/06\/BOROX-1024x315.png\" alt=\"\" class=\"wp-image-39765\" srcset=\"https:\/\/radiostudiow.com.br\/site\/wp-content\/uploads\/2025\/06\/BOROX-1024x315.png 1024w, https:\/\/radiostudiow.com.br\/site\/wp-content\/uploads\/2025\/06\/BOROX-300x92.png 300w, https:\/\/radiostudiow.com.br\/site\/wp-content\/uploads\/2025\/06\/BOROX-768x236.png 768w, https:\/\/radiostudiow.com.br\/site\/wp-content\/uploads\/2025\/06\/BOROX-1536x472.png 1536w, https:\/\/radiostudiow.com.br\/site\/wp-content\/uploads\/2025\/06\/BOROX.png 1538w\" sizes=\"auto, (max-width: 1024px) 100vw, 1024px\" \/><\/figure>\n\n\n\n<p>O paranaense Wagner da Silva Vargas, de 29 anos, est\u00e1 desaparecido desde 15 de junho ap\u00f3s um combate na guerra da Ucr\u00e2nia, segundo confirmou a Dire\u00e7\u00e3o-Geral da Corpora\u00e7\u00e3o Militar das For\u00e7as Armadas \u00e0 Embaixada do Brasil em&nbsp;Kiev. A fam\u00edlia foi notificada oficialmente na sexta-feira (27).<\/p>\n\n\n\n<p>Natural de&nbsp;Santo Ant\u00f4nio do Sudoeste, Vargas se voluntariou para lutar ao lado do ex\u00e9rcito ucraniano e mantinha contato di\u00e1rio com a m\u00e3e, Maria de Lourdes Lopes da Silva. A \u00faltima troca de mensagens com ele aconteceu em 11 de junho e, segundo a m\u00e3e, ele avisou que ficaria sem celular por alguns dias, pois iria para a linha de frente.<\/p>\n\n\n\n<p><em><strong>\u201cEle escrevia todos os dias, me mandava \u2018bom dia\u2019. Depois avisou que iria para o combate e ficaria sem celular. Como ele j\u00e1 tinha ficado 20 dias sem contato antes, eu n\u00e3o desconfiei de imediato\u201d<\/strong>, relatou a m\u00e3e.<\/em><\/p>\n\n\n\n<figure class=\"wp-block-image size-full\"><img loading=\"lazy\" decoding=\"async\" width=\"598\" height=\"204\" src=\"https:\/\/radiostudiow.com.br\/site\/wp-content\/uploads\/2025\/01\/SITE-MEDIO7.png\" alt=\"\" class=\"wp-image-32801\" srcset=\"https:\/\/radiostudiow.com.br\/site\/wp-content\/uploads\/2025\/01\/SITE-MEDIO7.png 598w, https:\/\/radiostudiow.com.br\/site\/wp-content\/uploads\/2025\/01\/SITE-MEDIO7-300x102.png 300w\" sizes=\"auto, (max-width: 598px) 100vw, 598px\" \/><\/figure>\n\n\n\n<p>De acordo com relatos de colegas que estavam com ele no dia do combate, Wagner foi v\u00edtima de um ataque por drone e, desde ent\u00e3o, n\u00e3o foi mais visto. A m\u00e3e informou que antes de ir para a guerra, em mar\u00e7o deste ano, ele n\u00e3o tinha experi\u00eancia em combates.<\/p>\n\n\n\n<p><strong><em>\u201cCada pessoa diz uma coisa. Est\u00e1 sendo muito dif\u00edcil. Mandei mensagens para a embaixada, mas ainda n\u00e3o tive resposta. Minha f\u00e9 \u00e9 que ele seja encontrado com vida, talvez em um hospital ou perdido do grupo\u201d<\/em><\/strong><em>, desabafa a m\u00e3e.<\/em><\/p>\n\n\n\n<p>O&nbsp;g1&nbsp;entrou em contato com a embaixada, mas n\u00e3o recebeu resposta at\u00e9 a publica\u00e7\u00e3o desta reportagem.<\/p>\n","protected":false},"excerpt":{"rendered":"<p>O paranaense Wagner da Silva Vargas, de 29 anos, est\u00e1 desaparecido desde 15 de junho ap\u00f3s um combate na guerra da Ucr\u00e2nia, segundo confirmou a Dire\u00e7\u00e3o-Geral da Corpora\u00e7\u00e3o Militar das For\u00e7as Armadas \u00e0 Embaixada do Brasil em&nbsp;Kiev. A fam\u00edlia foi notificada oficialmente na sexta-feira (27). Natural de&nbsp;Santo Ant\u00f4nio do Sudoeste, Vargas se voluntariou para lutar [&hellip;]<\/p>\n","protected":false},"author":2,"featured_media":39861,"comment_status":"open","ping_status":"open","sticky":false,"template":"","format":"standard","meta":{"footnotes":""},"categories":[185],"tags":[172],"class_list":["post-39860","post","type-post","status-publish","format-standard","has-post-thumbnail","hentry","category-regional","tag-featured"],"amp_enabled":true,"_links":{"self":[{"href":"https:\/\/radiostudiow.com.br\/site\/wp-json\/wp\/v2\/posts\/39860","targetHints":{"allow":["GET"]}}],"collection":[{"href":"https:\/\/radiostudiow.com.br\/site\/wp-json\/wp\/v2\/posts"}],"about":[{"href":"https:\/\/radiostudiow.com.br\/site\/wp-json\/wp\/v2\/types\/post"}],"author":[{"embeddable":true,"href":"https:\/\/radiostudiow.com.br\/site\/wp-json\/wp\/v2\/users\/2"}],"replies":[{"embeddable":true,"href":"https:\/\/radiostudiow.com.br\/site\/wp-json\/wp\/v2\/comments?post=39860"}],"version-history":[{"count":1,"href":"https:\/\/radiostudiow.com.br\/site\/wp-json\/wp\/v2\/posts\/39860\/revisions"}],"predecessor-version":[{"id":39862,"href":"https:\/\/radiostudiow.com.br\/site\/wp-json\/wp\/v2\/posts\/39860\/revisions\/39862"}],"wp:featuredmedia":[{"embeddable":true,"href":"https:\/\/radiostudiow.com.br\/site\/wp-json\/wp\/v2\/media\/39861"}],"wp:attachment":[{"href":"https:\/\/radiostudiow.com.br\/site\/wp-json\/wp\/v2\/media?parent=39860"}],"wp:term":[{"taxonomy":"category","embeddable":true,"href":"https:\/\/radiostudiow.com.br\/site\/wp-json\/wp\/v2\/categories?post=39860"},{"taxonomy":"post_tag","embeddable":true,"href":"https:\/\/radiostudiow.com.br\/site\/wp-json\/wp\/v2\/tags?post=39860"}],"curies":[{"name":"wp","href":"https:\/\/api.w.org\/{rel}","templated":true}]}}