{"id":39867,"date":"2025-07-01T18:40:31","date_gmt":"2025-07-01T21:40:31","guid":{"rendered":"https:\/\/radiostudiow.com.br\/site\/?p=39867"},"modified":"2025-07-01T18:40:32","modified_gmt":"2025-07-01T21:40:32","slug":"policia-militar-de-uniao-da-vitoria-realiza-prisao-por-porte-ilegal-de-arma-de-fogo","status":"publish","type":"post","link":"https:\/\/radiostudiow.com.br\/site\/2025\/07\/01\/policia-militar-de-uniao-da-vitoria-realiza-prisao-por-porte-ilegal-de-arma-de-fogo\/","title":{"rendered":"Pol\u00edcia Militar de Uni\u00e3o da Vit\u00f3ria realiza pris\u00e3o por porte ilegal de arma de fogo"},"content":{"rendered":"\n<figure class=\"wp-block-image size-full\"><img loading=\"lazy\" decoding=\"async\" width=\"897\" height=\"204\" src=\"https:\/\/radiostudiow.com.br\/site\/wp-content\/uploads\/2025\/01\/SITE-GRANDE3.png\" alt=\"\" class=\"wp-image-32900\" srcset=\"https:\/\/radiostudiow.com.br\/site\/wp-content\/uploads\/2025\/01\/SITE-GRANDE3.png 897w, https:\/\/radiostudiow.com.br\/site\/wp-content\/uploads\/2025\/01\/SITE-GRANDE3-300x68.png 300w, https:\/\/radiostudiow.com.br\/site\/wp-content\/uploads\/2025\/01\/SITE-GRANDE3-768x175.png 768w\" sizes=\"auto, (max-width: 897px) 100vw, 897px\" \/><\/figure>\n\n\n\n<p>A equipe da ROCAM de Uni\u00e3o da Vit\u00f3ria visualizou um ve\u00edculo cometendo infra\u00e7\u00e3o de tr\u00e2nsito na Avenida Abilon de Souza Naves, Distrito de S\u00e3o Crist\u00f3v\u00e3o por volta das 14h45min dessa segunda-feira (30).<\/p>\n\n\n\n<p>Durante a abordagem, foi localizada no interior do autom\u00f3vel uma espingarda de press\u00e3o calibre .22 modificada, envolta em um tecido.<\/p>\n\n\n\n<p>Diante dos fatos, o condutor foi preso e encaminhado, junto com a arma, \u00e0 Delegacia de Pol\u00edcia Civil para os procedimentos legais.<\/p>\n","protected":false},"excerpt":{"rendered":"<p>A equipe da ROCAM de Uni\u00e3o da Vit\u00f3ria visualizou um ve\u00edculo cometendo infra\u00e7\u00e3o de tr\u00e2nsito na Avenida Abilon de Souza Naves, Distrito de S\u00e3o Crist\u00f3v\u00e3o por volta das 14h45min dessa segunda-feira (30). Durante a abordagem, foi localizada no interior do autom\u00f3vel uma espingarda de press\u00e3o calibre .22 modificada, envolta em um tecido. Diante dos fatos, [&hellip;]<\/p>\n","protected":false},"author":2,"featured_media":39868,"comment_status":"open","ping_status":"open","sticky":false,"template":"","format":"standard","meta":{"footnotes":""},"categories":[2],"tags":[172],"class_list":["post-39867","post","type-post","status-publish","format-standard","has-post-thumbnail","hentry","category-policial","tag-featured"],"amp_enabled":true,"_links":{"self":[{"href":"https:\/\/radiostudiow.com.br\/site\/wp-json\/wp\/v2\/posts\/39867","targetHints":{"allow":["GET"]}}],"collection":[{"href":"https:\/\/radiostudiow.com.br\/site\/wp-json\/wp\/v2\/posts"}],"about":[{"href":"https:\/\/radiostudiow.com.br\/site\/wp-json\/wp\/v2\/types\/post"}],"author":[{"embeddable":true,"href":"https:\/\/radiostudiow.com.br\/site\/wp-json\/wp\/v2\/users\/2"}],"replies":[{"embeddable":true,"href":"https:\/\/radiostudiow.com.br\/site\/wp-json\/wp\/v2\/comments?post=39867"}],"version-history":[{"count":1,"href":"https:\/\/radiostudiow.com.br\/site\/wp-json\/wp\/v2\/posts\/39867\/revisions"}],"predecessor-version":[{"id":39869,"href":"https:\/\/radiostudiow.com.br\/site\/wp-json\/wp\/v2\/posts\/39867\/revisions\/39869"}],"wp:featuredmedia":[{"embeddable":true,"href":"https:\/\/radiostudiow.com.br\/site\/wp-json\/wp\/v2\/media\/39868"}],"wp:attachment":[{"href":"https:\/\/radiostudiow.com.br\/site\/wp-json\/wp\/v2\/media?parent=39867"}],"wp:term":[{"taxonomy":"category","embeddable":true,"href":"https:\/\/radiostudiow.com.br\/site\/wp-json\/wp\/v2\/categories?post=39867"},{"taxonomy":"post_tag","embeddable":true,"href":"https:\/\/radiostudiow.com.br\/site\/wp-json\/wp\/v2\/tags?post=39867"}],"curies":[{"name":"wp","href":"https:\/\/api.w.org\/{rel}","templated":true}]}}