{"id":39892,"date":"2025-07-02T09:50:33","date_gmt":"2025-07-02T12:50:33","guid":{"rendered":"https:\/\/radiostudiow.com.br\/site\/?p=39892"},"modified":"2025-07-02T09:50:33","modified_gmt":"2025-07-02T12:50:33","slug":"homem-e-preso-apos-agredir-familiares-e-ameacar-retorno-armado-em-mallet","status":"publish","type":"post","link":"https:\/\/radiostudiow.com.br\/site\/2025\/07\/02\/homem-e-preso-apos-agredir-familiares-e-ameacar-retorno-armado-em-mallet\/","title":{"rendered":"Homem \u00e9 preso ap\u00f3s agredir familiares e amea\u00e7ar retorno armado em Mallet"},"content":{"rendered":"\n<figure class=\"wp-block-image size-full\"><img loading=\"lazy\" decoding=\"async\" width=\"897\" height=\"204\" src=\"https:\/\/radiostudiow.com.br\/site\/wp-content\/uploads\/2025\/05\/NUTRI-MALLET.png\" alt=\"\" class=\"wp-image-37813\" srcset=\"https:\/\/radiostudiow.com.br\/site\/wp-content\/uploads\/2025\/05\/NUTRI-MALLET.png 897w, https:\/\/radiostudiow.com.br\/site\/wp-content\/uploads\/2025\/05\/NUTRI-MALLET-300x68.png 300w, https:\/\/radiostudiow.com.br\/site\/wp-content\/uploads\/2025\/05\/NUTRI-MALLET-768x175.png 768w\" sizes=\"auto, (max-width: 897px) 100vw, 897px\" \/><\/figure>\n\n\n\n<p class=\"has-text-align-center\"><em>Da reda\u00e7\u00e3o com informa\u00e7\u00f5es da Pol\u00edcia Militar de Mallet<\/em><\/p>\n\n\n\n<p>A Pol\u00edcia Militar prendeu um homem na tarde desta ter\u00e7a-feira (1\u00ba), no centro de Mallet, ap\u00f3s ele agredir fisicamente o padrasto e o irm\u00e3o menor de idade. O caso \u00e9 tratado como viol\u00eancia dom\u00e9stica e familiar.<\/p>\n\n\n\n<p>De acordo com o 3\u00ba Pelot\u00e3o do 27\u00ba Batalh\u00e3o da Pol\u00edcia Militar (BPM), ap\u00f3s as agress\u00f5es, o suspeito fugiu da resid\u00eancia, mas continuou a amea\u00e7ar os familiares por meio de mensagens. Em uma delas, afirmou que retornaria armado ao local, o que elevou o n\u00edvel de risco da ocorr\u00eancia.<\/p>\n\n\n\n<p>Imediatamente, os policiais iniciaram buscas e conseguiram localizar o indiv\u00edduo em um bairro pr\u00f3ximo. Ele foi abordado, algemado conforme os procedimentos legais e levado ao hospital para realiza\u00e7\u00e3o do laudo m\u00e9dico. Na sequ\u00eancia, foi encaminhado \u00e0 Delegacia de Pol\u00edcia Civil de Mallet para os procedimentos cab\u00edveis.<\/p>\n\n\n\n<figure class=\"wp-block-image size-full\"><img loading=\"lazy\" decoding=\"async\" width=\"897\" height=\"204\" src=\"https:\/\/radiostudiow.com.br\/site\/wp-content\/uploads\/2025\/03\/image-62.png\" alt=\"\" class=\"wp-image-35859\" srcset=\"https:\/\/radiostudiow.com.br\/site\/wp-content\/uploads\/2025\/03\/image-62.png 897w, https:\/\/radiostudiow.com.br\/site\/wp-content\/uploads\/2025\/03\/image-62-300x68.png 300w, https:\/\/radiostudiow.com.br\/site\/wp-content\/uploads\/2025\/03\/image-62-768x175.png 768w\" sizes=\"auto, (max-width: 897px) 100vw, 897px\" \/><\/figure>\n\n\n\n<p>As v\u00edtimas foram orientadas pela equipe policial e est\u00e3o sob acompanhamento. A Pol\u00edcia Militar refor\u00e7a que atua com firmeza em casos de viol\u00eancia dom\u00e9stica e destaca a import\u00e2ncia da den\u00fancia para a prote\u00e7\u00e3o de vidas.<\/p>\n\n\n\n<p>A identidade do suspeito n\u00e3o foi divulgada. O caso segue sob investiga\u00e7\u00e3o.<\/p>\n\n\n\n<p class=\"has-text-align-center\"><em>Da reda\u00e7\u00e3o com informa\u00e7\u00f5es da Pol\u00edcia Militar de Mallet<\/em><\/p>\n","protected":false},"excerpt":{"rendered":"<p>Da reda\u00e7\u00e3o com informa\u00e7\u00f5es da Pol\u00edcia Militar de Mallet A Pol\u00edcia Militar prendeu um homem na tarde desta ter\u00e7a-feira (1\u00ba), no centro de Mallet, ap\u00f3s ele agredir fisicamente o padrasto e o irm\u00e3o menor de idade. O caso \u00e9 tratado como viol\u00eancia dom\u00e9stica e familiar. De acordo com o 3\u00ba Pelot\u00e3o do 27\u00ba Batalh\u00e3o da [&hellip;]<\/p>\n","protected":false},"author":2,"featured_media":34163,"comment_status":"open","ping_status":"open","sticky":false,"template":"","format":"standard","meta":{"footnotes":""},"categories":[2],"tags":[172],"class_list":["post-39892","post","type-post","status-publish","format-standard","has-post-thumbnail","hentry","category-policial","tag-featured"],"amp_enabled":true,"_links":{"self":[{"href":"https:\/\/radiostudiow.com.br\/site\/wp-json\/wp\/v2\/posts\/39892","targetHints":{"allow":["GET"]}}],"collection":[{"href":"https:\/\/radiostudiow.com.br\/site\/wp-json\/wp\/v2\/posts"}],"about":[{"href":"https:\/\/radiostudiow.com.br\/site\/wp-json\/wp\/v2\/types\/post"}],"author":[{"embeddable":true,"href":"https:\/\/radiostudiow.com.br\/site\/wp-json\/wp\/v2\/users\/2"}],"replies":[{"embeddable":true,"href":"https:\/\/radiostudiow.com.br\/site\/wp-json\/wp\/v2\/comments?post=39892"}],"version-history":[{"count":1,"href":"https:\/\/radiostudiow.com.br\/site\/wp-json\/wp\/v2\/posts\/39892\/revisions"}],"predecessor-version":[{"id":39893,"href":"https:\/\/radiostudiow.com.br\/site\/wp-json\/wp\/v2\/posts\/39892\/revisions\/39893"}],"wp:featuredmedia":[{"embeddable":true,"href":"https:\/\/radiostudiow.com.br\/site\/wp-json\/wp\/v2\/media\/34163"}],"wp:attachment":[{"href":"https:\/\/radiostudiow.com.br\/site\/wp-json\/wp\/v2\/media?parent=39892"}],"wp:term":[{"taxonomy":"category","embeddable":true,"href":"https:\/\/radiostudiow.com.br\/site\/wp-json\/wp\/v2\/categories?post=39892"},{"taxonomy":"post_tag","embeddable":true,"href":"https:\/\/radiostudiow.com.br\/site\/wp-json\/wp\/v2\/tags?post=39892"}],"curies":[{"name":"wp","href":"https:\/\/api.w.org\/{rel}","templated":true}]}}