{"id":39894,"date":"2025-07-02T10:45:28","date_gmt":"2025-07-02T13:45:28","guid":{"rendered":"https:\/\/radiostudiow.com.br\/site\/?p=39894"},"modified":"2025-07-02T11:13:48","modified_gmt":"2025-07-02T14:13:48","slug":"dois-homens-feridos-em-acidente-envolvendo-dois-caminhoes-no-interior-de-reboucas","status":"publish","type":"post","link":"https:\/\/radiostudiow.com.br\/site\/2025\/07\/02\/dois-homens-feridos-em-acidente-envolvendo-dois-caminhoes-no-interior-de-reboucas\/","title":{"rendered":"Dois homens feridos em acidente envolvendo dois caminh\u00f5es no interior de Rebou\u00e7as"},"content":{"rendered":"\n<figure class=\"wp-block-image size-full\"><img loading=\"lazy\" decoding=\"async\" width=\"897\" height=\"204\" src=\"https:\/\/radiostudiow.com.br\/site\/wp-content\/uploads\/2025\/02\/SITE-GRANDE7.png\" alt=\"\" class=\"wp-image-33861\" srcset=\"https:\/\/radiostudiow.com.br\/site\/wp-content\/uploads\/2025\/02\/SITE-GRANDE7.png 897w, https:\/\/radiostudiow.com.br\/site\/wp-content\/uploads\/2025\/02\/SITE-GRANDE7-300x68.png 300w, https:\/\/radiostudiow.com.br\/site\/wp-content\/uploads\/2025\/02\/SITE-GRANDE7-768x175.png 768w\" sizes=\"auto, (max-width: 897px) 100vw, 897px\" \/><\/figure>\n\n\n\n<p><em>Homem de 57 anos, com ferimentos leves, e o homem de 56 anos, com ferimentos moderados, em acidente envolvendo dois caminh\u00f5es<\/em><\/p>\n\n\n\n<p>O Corpo de bombeiros Militar de Irati, foram acionados via 193 onde o solicitante informou que houve uma Colis\u00e3o Caminh\u00e3o X Caminh\u00e3o com v\u00edtima pressa nas ferragens e presen\u00e7a de fogo nos ve\u00edculos na localidade de Faxinal dos Franco, na \u00e1rea rural de Rebou\u00e7as por volta das 16h50min dessa ter\u00e7a-feira (01).<\/p>\n\n\n\n<p>No local foi constatado tratar-se de uma colis\u00e3o entre dois caminh\u00f5es, sem fogo, sendo que um dos ve\u00edculos veio a tombar lateralmente sobre um barranco e o condutor apresentava ferimentos leves e estava deambulando pelo local (recusou encaminhamento).<\/p>\n\n\n\n<figure class=\"wp-block-image size-full\"><img loading=\"lazy\" decoding=\"async\" width=\"897\" height=\"204\" src=\"https:\/\/radiostudiow.com.br\/site\/wp-content\/uploads\/2025\/03\/SITE-GRANDE5.png\" alt=\"\" class=\"wp-image-35420\" srcset=\"https:\/\/radiostudiow.com.br\/site\/wp-content\/uploads\/2025\/03\/SITE-GRANDE5.png 897w, https:\/\/radiostudiow.com.br\/site\/wp-content\/uploads\/2025\/03\/SITE-GRANDE5-300x68.png 300w, https:\/\/radiostudiow.com.br\/site\/wp-content\/uploads\/2025\/03\/SITE-GRANDE5-768x175.png 768w\" sizes=\"auto, (max-width: 897px) 100vw, 897px\" \/><\/figure>\n\n\n\n<p>O outro ve\u00edculo sendo, tamb\u00e9m um caminh\u00e3o, estava sobre a pista lateralmente com seu condutor dentro da cabine, consciente e orientado. Foi utilizado um macaco pelos populares que estavam no local para liberar a perna do condutor que estava presa nos pedais.<\/p>\n\n\n\n<p>Realizada avalia\u00e7\u00e3o do local, isolamento, retirada da v\u00edtima do ve\u00edculo com apoio da equipe da AA BRAVO SAMU, atendimento pr\u00e9-hospitalar, orienta\u00e7\u00f5es e transporte ao Pronto Atendimento Municipal da cidade de Irati.<\/p>\n\n\n\n<p><em>Informa\u00e7\u00f5es 6\u00b0CIBM<\/em>\/<em>Imagens Rede Social\/Divulga\u00e7\u00e3o<\/em>\/<em>Colabora\u00e7\u00e3o Rep\u00f3rter Kiko de Oliveira<\/em><\/p>\n\n\n\n<figure class=\"wp-block-image size-large\"><img loading=\"lazy\" decoding=\"async\" width=\"1024\" height=\"1024\" src=\"https:\/\/radiostudiow.com.br\/site\/wp-content\/uploads\/2025\/07\/image-9-1024x1024.png\" alt=\"\" class=\"wp-image-39895\" srcset=\"https:\/\/radiostudiow.com.br\/site\/wp-content\/uploads\/2025\/07\/image-9-1024x1024.png 1024w, https:\/\/radiostudiow.com.br\/site\/wp-content\/uploads\/2025\/07\/image-9-300x300.png 300w, https:\/\/radiostudiow.com.br\/site\/wp-content\/uploads\/2025\/07\/image-9-768x768.png 768w, https:\/\/radiostudiow.com.br\/site\/wp-content\/uploads\/2025\/07\/image-9-1536x1536.png 1536w, https:\/\/radiostudiow.com.br\/site\/wp-content\/uploads\/2025\/07\/image-9-80x80.png 80w, https:\/\/radiostudiow.com.br\/site\/wp-content\/uploads\/2025\/07\/image-9.png 1600w\" sizes=\"auto, (max-width: 1024px) 100vw, 1024px\" \/><\/figure>\n","protected":false},"excerpt":{"rendered":"<p>Homem de 57 anos, com ferimentos leves, e o homem de 56 anos, com ferimentos moderados, em acidente envolvendo dois caminh\u00f5es O Corpo de bombeiros Militar de Irati, foram acionados via 193 onde o solicitante informou que houve uma Colis\u00e3o Caminh\u00e3o X Caminh\u00e3o com v\u00edtima pressa nas ferragens e presen\u00e7a de fogo nos ve\u00edculos na [&hellip;]<\/p>\n","protected":false},"author":2,"featured_media":39902,"comment_status":"open","ping_status":"open","sticky":false,"template":"","format":"standard","meta":{"footnotes":""},"categories":[185],"tags":[172],"class_list":["post-39894","post","type-post","status-publish","format-standard","has-post-thumbnail","hentry","category-regional","tag-featured"],"amp_enabled":true,"_links":{"self":[{"href":"https:\/\/radiostudiow.com.br\/site\/wp-json\/wp\/v2\/posts\/39894","targetHints":{"allow":["GET"]}}],"collection":[{"href":"https:\/\/radiostudiow.com.br\/site\/wp-json\/wp\/v2\/posts"}],"about":[{"href":"https:\/\/radiostudiow.com.br\/site\/wp-json\/wp\/v2\/types\/post"}],"author":[{"embeddable":true,"href":"https:\/\/radiostudiow.com.br\/site\/wp-json\/wp\/v2\/users\/2"}],"replies":[{"embeddable":true,"href":"https:\/\/radiostudiow.com.br\/site\/wp-json\/wp\/v2\/comments?post=39894"}],"version-history":[{"count":3,"href":"https:\/\/radiostudiow.com.br\/site\/wp-json\/wp\/v2\/posts\/39894\/revisions"}],"predecessor-version":[{"id":39906,"href":"https:\/\/radiostudiow.com.br\/site\/wp-json\/wp\/v2\/posts\/39894\/revisions\/39906"}],"wp:featuredmedia":[{"embeddable":true,"href":"https:\/\/radiostudiow.com.br\/site\/wp-json\/wp\/v2\/media\/39902"}],"wp:attachment":[{"href":"https:\/\/radiostudiow.com.br\/site\/wp-json\/wp\/v2\/media?parent=39894"}],"wp:term":[{"taxonomy":"category","embeddable":true,"href":"https:\/\/radiostudiow.com.br\/site\/wp-json\/wp\/v2\/categories?post=39894"},{"taxonomy":"post_tag","embeddable":true,"href":"https:\/\/radiostudiow.com.br\/site\/wp-json\/wp\/v2\/tags?post=39894"}],"curies":[{"name":"wp","href":"https:\/\/api.w.org\/{rel}","templated":true}]}}