{"id":39897,"date":"2025-07-02T11:02:39","date_gmt":"2025-07-02T14:02:39","guid":{"rendered":"https:\/\/radiostudiow.com.br\/site\/?p=39897"},"modified":"2025-07-02T11:02:39","modified_gmt":"2025-07-02T14:02:39","slug":"prefeitura-de-irati-abre-inscricoes-para-pss-com-vagas-temporarias-na-area-da-educacao","status":"publish","type":"post","link":"https:\/\/radiostudiow.com.br\/site\/2025\/07\/02\/prefeitura-de-irati-abre-inscricoes-para-pss-com-vagas-temporarias-na-area-da-educacao\/","title":{"rendered":"Prefeitura de Irati abre inscri\u00e7\u00f5es para PSS com vagas tempor\u00e1rias na \u00e1rea da Educa\u00e7\u00e3o"},"content":{"rendered":"\n<p>A Prefeitura de Irati, por meio da Secretaria Municipal de Administra\u00e7\u00e3o, abriu as inscri\u00e7\u00f5es para o Processo Seletivo Simplificado (PSS) n\u00ba 001\/2025, visando a contrata\u00e7\u00e3o tempor\u00e1ria de profissionais para atua\u00e7\u00e3o em diversas unidades da Rede Municipal de Ensino. As inscri\u00e7\u00f5es estar\u00e3o abertas de tr\u00eas a seis de julho, de forma gratuita e exclusivamente online, pelo site oficial do Munic\u00edpio: <a href=\"http:\/\/www.irati.pr.gov.br\/pagina\/349_PSS-2025.html\" data-type=\"link\" data-id=\"www.irati.pr.gov.br\/pagina\/349_PSS-2025.html\">www.irati.pr.gov.br\/pagina\/349_PSS-2025.html<\/a>.<\/p>\n\n\n\n<p>O objetivo do processo seletivo \u00e9 suprir vagas tempor\u00e1rias em diferentes fun\u00e7\u00f5es, especialmente na \u00e1rea da Educa\u00e7\u00e3o, como professores, tutores, auxiliares de cozinha, faxineiras, motoristas de transporte escolar, pedreiros, t\u00e9cnicos em edifica\u00e7\u00f5es e oficineiros de tempo integral em diversas \u00e1reas como m\u00fasica, dan\u00e7a, yoga, artes manuais e arte circense.<\/p>\n\n\n\n<figure class=\"wp-block-image size-full\"><img loading=\"lazy\" decoding=\"async\" width=\"598\" height=\"204\" src=\"https:\/\/radiostudiow.com.br\/site\/wp-content\/uploads\/2024\/01\/SITE-MEDIO.png\" alt=\"\" class=\"wp-image-18916\" srcset=\"https:\/\/radiostudiow.com.br\/site\/wp-content\/uploads\/2024\/01\/SITE-MEDIO.png 598w, https:\/\/radiostudiow.com.br\/site\/wp-content\/uploads\/2024\/01\/SITE-MEDIO-300x102.png 300w\" sizes=\"auto, (max-width: 598px) 100vw, 598px\" \/><\/figure>\n\n\n\n<p><strong>Como funciona a sele\u00e7\u00e3o?<br><\/strong>A sele\u00e7\u00e3o ser\u00e1 feita por an\u00e1lise de t\u00edtulos, levando em considera\u00e7\u00e3o a forma\u00e7\u00e3o acad\u00eamica e a experi\u00eancia profissional dos candidatos. Toda a documenta\u00e7\u00e3o comprobat\u00f3ria dever\u00e1 ser enviada no ato da inscri\u00e7\u00e3o, em formato PDF. O processo \u00e9 classificat\u00f3rio e eliminat\u00f3rio e a classifica\u00e7\u00e3o final ser\u00e1 publicada no dia 21 de julho de 2025, no site da Prefeitura.<\/p>\n\n\n\n<p>As vagas s\u00e3o para carga hor\u00e1ria entre 10 e 40 horas semanais, com sal\u00e1rios que variam de R$ 1.200,00 a R$ 4.074,05, dependendo do cargo. H\u00e1 oportunidades para atua\u00e7\u00e3o em v\u00e1rias regi\u00f5es do interior do munic\u00edpio, como Itapar\u00e1, Guamirim, Cerro da Ponte Alta e Col\u00f4nia Gon\u00e7alves J\u00fanior.<\/p>\n\n\n\n<p>Tamb\u00e9m h\u00e1 previs\u00e3o de cadastro de reserva, permitindo que mais candidatos aprovados possam ser chamados conforme a necessidade da Administra\u00e7\u00e3o ao longo da validade do processo, que ser\u00e1 de at\u00e9 12 meses, podendo ser prorrogado por mais 12.<\/p>\n\n\n\n<figure class=\"wp-block-image size-full\"><img loading=\"lazy\" decoding=\"async\" width=\"897\" height=\"204\" src=\"https:\/\/radiostudiow.com.br\/site\/wp-content\/uploads\/2025\/01\/SITE-GRANDE3.png\" alt=\"\" class=\"wp-image-32900\" srcset=\"https:\/\/radiostudiow.com.br\/site\/wp-content\/uploads\/2025\/01\/SITE-GRANDE3.png 897w, https:\/\/radiostudiow.com.br\/site\/wp-content\/uploads\/2025\/01\/SITE-GRANDE3-300x68.png 300w, https:\/\/radiostudiow.com.br\/site\/wp-content\/uploads\/2025\/01\/SITE-GRANDE3-768x175.png 768w\" sizes=\"auto, (max-width: 897px) 100vw, 897px\" \/><\/figure>\n\n\n\n<p><br><strong>Requisitos e orienta\u00e7\u00f5es<\/strong><br>Os candidatos devem ter idade m\u00ednima de 18 anos (ou 21 anos para motoristas), estar em dia com as obriga\u00e7\u00f5es eleitorais e, no caso dos homens, com as obriga\u00e7\u00f5es militares. Tamb\u00e9m \u00e9 necess\u00e1rio apresentar escolaridade compat\u00edvel com o cargo desejado e atender a todos os crit\u00e9rios estabelecidos no edital.<\/p>\n\n\n\n<p><br>Para candidatos com defici\u00eancia (PcD), 10% das vagas s\u00e3o reservadas, conforme previsto em lei. Nesses casos, o candidato deve apresentar laudo m\u00e9dico atualizado e seguir as exig\u00eancias descritas no edital.<\/p>\n\n\n\n<p><strong>Conclus\u00e3o<br><\/strong>O PSS 001\/2025 \u00e9 uma oportunidade para profissionais que desejam contribuir com a educa\u00e7\u00e3o p\u00fablica municipal de Irati. A Prefeitura refor\u00e7a que todo o processo ser\u00e1 transparente e amplamente divulgado pelos canais oficiais, e recomenda que os interessados leiam atentamente o edital antes de realizar a inscri\u00e7\u00e3o.<\/p>\n\n\n\n<p><br>Mais informa\u00e7\u00f5es est\u00e3o dispon\u00edveis no site da Prefeitura de Irati, na p\u00e1gina dedicada ao PSS: <a href=\"http:\/\/www.irati.pr.gov.br\/pagina\/349_PSS-2025.html\" data-type=\"link\" data-id=\"www.irati.pr.gov.br\/pagina\/349_PSS-2025.html\">www.irati.pr.gov.br\/pagina\/349_PSS-2025.html<\/a><\/p>\n","protected":false},"excerpt":{"rendered":"<p>A Prefeitura de Irati, por meio da Secretaria Municipal de Administra\u00e7\u00e3o, abriu as inscri\u00e7\u00f5es para o Processo Seletivo Simplificado (PSS) n\u00ba 001\/2025, visando a contrata\u00e7\u00e3o tempor\u00e1ria de profissionais para atua\u00e7\u00e3o em diversas unidades da Rede Municipal de Ensino. As inscri\u00e7\u00f5es estar\u00e3o abertas de tr\u00eas a seis de julho, de forma gratuita e exclusivamente online, pelo [&hellip;]<\/p>\n","protected":false},"author":2,"featured_media":39898,"comment_status":"open","ping_status":"open","sticky":false,"template":"","format":"standard","meta":{"footnotes":""},"categories":[7],"tags":[172],"class_list":["post-39897","post","type-post","status-publish","format-standard","has-post-thumbnail","hentry","category-geral","tag-featured"],"amp_enabled":true,"_links":{"self":[{"href":"https:\/\/radiostudiow.com.br\/site\/wp-json\/wp\/v2\/posts\/39897","targetHints":{"allow":["GET"]}}],"collection":[{"href":"https:\/\/radiostudiow.com.br\/site\/wp-json\/wp\/v2\/posts"}],"about":[{"href":"https:\/\/radiostudiow.com.br\/site\/wp-json\/wp\/v2\/types\/post"}],"author":[{"embeddable":true,"href":"https:\/\/radiostudiow.com.br\/site\/wp-json\/wp\/v2\/users\/2"}],"replies":[{"embeddable":true,"href":"https:\/\/radiostudiow.com.br\/site\/wp-json\/wp\/v2\/comments?post=39897"}],"version-history":[{"count":1,"href":"https:\/\/radiostudiow.com.br\/site\/wp-json\/wp\/v2\/posts\/39897\/revisions"}],"predecessor-version":[{"id":39899,"href":"https:\/\/radiostudiow.com.br\/site\/wp-json\/wp\/v2\/posts\/39897\/revisions\/39899"}],"wp:featuredmedia":[{"embeddable":true,"href":"https:\/\/radiostudiow.com.br\/site\/wp-json\/wp\/v2\/media\/39898"}],"wp:attachment":[{"href":"https:\/\/radiostudiow.com.br\/site\/wp-json\/wp\/v2\/media?parent=39897"}],"wp:term":[{"taxonomy":"category","embeddable":true,"href":"https:\/\/radiostudiow.com.br\/site\/wp-json\/wp\/v2\/categories?post=39897"},{"taxonomy":"post_tag","embeddable":true,"href":"https:\/\/radiostudiow.com.br\/site\/wp-json\/wp\/v2\/tags?post=39897"}],"curies":[{"name":"wp","href":"https:\/\/api.w.org\/{rel}","templated":true}]}}