{"id":39921,"date":"2025-07-02T19:02:18","date_gmt":"2025-07-02T22:02:18","guid":{"rendered":"https:\/\/radiostudiow.com.br\/site\/?p=39921"},"modified":"2025-07-02T19:02:18","modified_gmt":"2025-07-02T22:02:18","slug":"padre-wilson-maiorki-morre-apos-grave-acidente-na-br-280-em-mafra","status":"publish","type":"post","link":"https:\/\/radiostudiow.com.br\/site\/2025\/07\/02\/padre-wilson-maiorki-morre-apos-grave-acidente-na-br-280-em-mafra\/","title":{"rendered":"Padre Wilson Maiorki morre ap\u00f3s grave acidente na BR-280, em Mafra"},"content":{"rendered":"\n<figure class=\"wp-block-image size-full\"><img loading=\"lazy\" decoding=\"async\" width=\"897\" height=\"204\" src=\"https:\/\/radiostudiow.com.br\/site\/wp-content\/uploads\/2025\/06\/BARROS.png\" alt=\"\" class=\"wp-image-39575\" srcset=\"https:\/\/radiostudiow.com.br\/site\/wp-content\/uploads\/2025\/06\/BARROS.png 897w, https:\/\/radiostudiow.com.br\/site\/wp-content\/uploads\/2025\/06\/BARROS-300x68.png 300w, https:\/\/radiostudiow.com.br\/site\/wp-content\/uploads\/2025\/06\/BARROS-768x175.png 768w\" sizes=\"auto, (max-width: 897px) 100vw, 897px\" \/><\/figure>\n\n\n\n<p><\/p>\n\n\n\n<h2 class=\"wp-block-heading\">O padre Wilson Maiorki, de 56 anos, morreu na noite desta ter\u00e7a-feira (1\u00ba) ap\u00f3s um grave acidente de tr\u00e2nsito na BR-280, no bairro Rio Preto do Sul, em Mafra (SC). O religioso n\u00e3o resistiu aos ferimentos ap\u00f3s a colis\u00e3o entre o carro que dirigia e uma carreta.<\/h2>\n\n\n\n<p>O acidente aconteceu por volta das 18h30 e envolveu um Fiat Cronos preto, conduzido por Maiorki, e uma carreta DAF XF branca com reboque, dirigida por um homem de 51 anos. <\/p>\n\n\n\n<h2 class=\"wp-block-heading\">Segundo informa\u00e7\u00f5es apuradas no local, o padre sofreu uma parada cardiorrespirat\u00f3ria ainda dentro do ve\u00edculo, momentos ap\u00f3s o impacto.<\/h2>\n\n\n\n<p><\/p>\n\n\n\n<figure class=\"wp-block-image size-large\"><img loading=\"lazy\" decoding=\"async\" width=\"1024\" height=\"771\" src=\"https:\/\/radiostudiow.com.br\/site\/wp-content\/uploads\/2025\/07\/009d2a2c-b51f-414e-bdc1-267e4b02a42b-1024x771.jpg\" alt=\"\" class=\"wp-image-39923\" srcset=\"https:\/\/radiostudiow.com.br\/site\/wp-content\/uploads\/2025\/07\/009d2a2c-b51f-414e-bdc1-267e4b02a42b-1024x771.jpg 1024w, https:\/\/radiostudiow.com.br\/site\/wp-content\/uploads\/2025\/07\/009d2a2c-b51f-414e-bdc1-267e4b02a42b-300x226.jpg 300w, https:\/\/radiostudiow.com.br\/site\/wp-content\/uploads\/2025\/07\/009d2a2c-b51f-414e-bdc1-267e4b02a42b-768x578.jpg 768w, https:\/\/radiostudiow.com.br\/site\/wp-content\/uploads\/2025\/07\/009d2a2c-b51f-414e-bdc1-267e4b02a42b-1536x1156.jpg 1536w, https:\/\/radiostudiow.com.br\/site\/wp-content\/uploads\/2025\/07\/009d2a2c-b51f-414e-bdc1-267e4b02a42b.jpg 1600w\" sizes=\"auto, (max-width: 1024px) 100vw, 1024px\" \/><\/figure>\n\n\n\n<figure class=\"wp-block-image size-full\"><img loading=\"lazy\" decoding=\"async\" width=\"897\" height=\"204\" src=\"https:\/\/radiostudiow.com.br\/site\/wp-content\/uploads\/2025\/02\/SITE-GRANDE7.png\" alt=\"\" class=\"wp-image-33861\" srcset=\"https:\/\/radiostudiow.com.br\/site\/wp-content\/uploads\/2025\/02\/SITE-GRANDE7.png 897w, https:\/\/radiostudiow.com.br\/site\/wp-content\/uploads\/2025\/02\/SITE-GRANDE7-300x68.png 300w, https:\/\/radiostudiow.com.br\/site\/wp-content\/uploads\/2025\/02\/SITE-GRANDE7-768x175.png 768w\" sizes=\"auto, (max-width: 897px) 100vw, 897px\" \/><\/figure>\n\n\n\n<p><\/p>\n\n\n\n<p>Equipes do Corpo de Bombeiros Militar foram acionadas e, ao chegarem, encontraram o padre inconsciente no banco do motorista. Uma bombeira militar e policiais penais que passavam pela rodovia iniciaram os primeiros socorros imediatamente. Ap\u00f3s avalia\u00e7\u00e3o, foi realizada a extra\u00e7\u00e3o emergencial da v\u00edtima e iniciados os procedimentos de reanima\u00e7\u00e3o cardiopulmonar (RCP), que continuaram durante o transporte at\u00e9 a Funda\u00e7\u00e3o Hospitalar de Rio Negrinho.<\/p>\n\n\n\n<p>Apesar dos esfor\u00e7os das equipes m\u00e9dicas e de resgate, o padre Wilson Maiorki n\u00e3o resistiu e teve o \u00f3bito confirmado no hospital.<\/p>\n\n\n\n<figure class=\"wp-block-image size-large\"><img loading=\"lazy\" decoding=\"async\" width=\"1024\" height=\"1024\" src=\"https:\/\/radiostudiow.com.br\/site\/wp-content\/uploads\/2025\/07\/c537a836-f16d-46db-a6bb-40f81c8fa7b1-1024x1024.jpg\" alt=\"\" class=\"wp-image-39925\" srcset=\"https:\/\/radiostudiow.com.br\/site\/wp-content\/uploads\/2025\/07\/c537a836-f16d-46db-a6bb-40f81c8fa7b1-1024x1024.jpg 1024w, https:\/\/radiostudiow.com.br\/site\/wp-content\/uploads\/2025\/07\/c537a836-f16d-46db-a6bb-40f81c8fa7b1-300x300.jpg 300w, https:\/\/radiostudiow.com.br\/site\/wp-content\/uploads\/2025\/07\/c537a836-f16d-46db-a6bb-40f81c8fa7b1-768x768.jpg 768w, https:\/\/radiostudiow.com.br\/site\/wp-content\/uploads\/2025\/07\/c537a836-f16d-46db-a6bb-40f81c8fa7b1-80x80.jpg 80w, https:\/\/radiostudiow.com.br\/site\/wp-content\/uploads\/2025\/07\/c537a836-f16d-46db-a6bb-40f81c8fa7b1.jpg 1080w\" sizes=\"auto, (max-width: 1024px) 100vw, 1024px\" \/><\/figure>\n\n\n\n<p><\/p>\n\n\n\n<p>O motorista da carreta foi avaliado no local, estava consciente e orientado, e permaneceu na cena do acidente. A Pol\u00edcia Rodovi\u00e1ria Federal assumiu os trabalhos de controle da \u00e1rea e investiga as causas da colis\u00e3o.<\/p>\n\n\n\n<h2 class=\"wp-block-heading\">Informa\u00e7\u00f5es: Rep\u00f3rter Kiko de Oliveira<\/h2>\n\n\n\n<p><\/p>\n\n\n\n<p><\/p>\n","protected":false},"excerpt":{"rendered":"<p>O padre Wilson Maiorki, de 56 anos, morreu na noite desta ter\u00e7a-feira (1\u00ba) ap\u00f3s um grave acidente de tr\u00e2nsito na BR-280, no bairro Rio Preto do Sul, em Mafra (SC). O religioso n\u00e3o resistiu aos ferimentos ap\u00f3s a colis\u00e3o entre o carro que dirigia e uma carreta. O acidente aconteceu por volta das 18h30 e [&hellip;]<\/p>\n","protected":false},"author":2,"featured_media":39924,"comment_status":"open","ping_status":"open","sticky":false,"template":"","format":"standard","meta":{"footnotes":""},"categories":[7],"tags":[172],"class_list":["post-39921","post","type-post","status-publish","format-standard","has-post-thumbnail","hentry","category-geral","tag-featured"],"amp_enabled":true,"_links":{"self":[{"href":"https:\/\/radiostudiow.com.br\/site\/wp-json\/wp\/v2\/posts\/39921","targetHints":{"allow":["GET"]}}],"collection":[{"href":"https:\/\/radiostudiow.com.br\/site\/wp-json\/wp\/v2\/posts"}],"about":[{"href":"https:\/\/radiostudiow.com.br\/site\/wp-json\/wp\/v2\/types\/post"}],"author":[{"embeddable":true,"href":"https:\/\/radiostudiow.com.br\/site\/wp-json\/wp\/v2\/users\/2"}],"replies":[{"embeddable":true,"href":"https:\/\/radiostudiow.com.br\/site\/wp-json\/wp\/v2\/comments?post=39921"}],"version-history":[{"count":1,"href":"https:\/\/radiostudiow.com.br\/site\/wp-json\/wp\/v2\/posts\/39921\/revisions"}],"predecessor-version":[{"id":39926,"href":"https:\/\/radiostudiow.com.br\/site\/wp-json\/wp\/v2\/posts\/39921\/revisions\/39926"}],"wp:featuredmedia":[{"embeddable":true,"href":"https:\/\/radiostudiow.com.br\/site\/wp-json\/wp\/v2\/media\/39924"}],"wp:attachment":[{"href":"https:\/\/radiostudiow.com.br\/site\/wp-json\/wp\/v2\/media?parent=39921"}],"wp:term":[{"taxonomy":"category","embeddable":true,"href":"https:\/\/radiostudiow.com.br\/site\/wp-json\/wp\/v2\/categories?post=39921"},{"taxonomy":"post_tag","embeddable":true,"href":"https:\/\/radiostudiow.com.br\/site\/wp-json\/wp\/v2\/tags?post=39921"}],"curies":[{"name":"wp","href":"https:\/\/api.w.org\/{rel}","templated":true}]}}