{"id":39927,"date":"2025-07-03T09:47:25","date_gmt":"2025-07-03T12:47:25","guid":{"rendered":"https:\/\/radiostudiow.com.br\/site\/?p=39927"},"modified":"2025-07-03T09:47:26","modified_gmt":"2025-07-03T12:47:26","slug":"homem-e-preso-por-receptacao-em-porto-uniao","status":"publish","type":"post","link":"https:\/\/radiostudiow.com.br\/site\/2025\/07\/03\/homem-e-preso-por-receptacao-em-porto-uniao\/","title":{"rendered":"Homem \u00e9 preso por recepta\u00e7\u00e3o em Porto Uni\u00e3o"},"content":{"rendered":"\n<figure class=\"wp-block-image size-full\"><img loading=\"lazy\" decoding=\"async\" width=\"897\" height=\"204\" src=\"https:\/\/radiostudiow.com.br\/site\/wp-content\/uploads\/2025\/03\/SITE-GRANDE5.png\" alt=\"\" class=\"wp-image-35420\" srcset=\"https:\/\/radiostudiow.com.br\/site\/wp-content\/uploads\/2025\/03\/SITE-GRANDE5.png 897w, https:\/\/radiostudiow.com.br\/site\/wp-content\/uploads\/2025\/03\/SITE-GRANDE5-300x68.png 300w, https:\/\/radiostudiow.com.br\/site\/wp-content\/uploads\/2025\/03\/SITE-GRANDE5-768x175.png 768w\" sizes=\"auto, (max-width: 897px) 100vw, 897px\" \/><\/figure>\n\n\n\n<p>A equipe da Pol\u00edcia Militar de Porto Uni\u00e3o atendeu a uma ocorr\u00eancia de recepta\u00e7\u00e3o no bairro Vice King, na noite desta quarta-feira (02). <\/p>\n\n\n\n<p>Durante patrulhamento, a guarni\u00e7\u00e3o localizou um ve\u00edculo Fiat\/Palio com registro de furto\/roubo. O respons\u00e1vel pelo autom\u00f3vel foi abordado.<\/p>\n\n\n\n<p>O homem relatou que havia adquirido o ve\u00edculo por meio de uma troca realizada na cidade de Paula Freitas. Segundo ele, entregou um VW Golf e ficou com o Fiat Palio como parte do neg\u00f3cio.<\/p>\n\n\n\n<p>Diante dos fatos, o homem recebeu voz de pris\u00e3o pelo crime de recepta\u00e7\u00e3o e o ve\u00edculo foi apreendido. A Pol\u00edcia Militar segue investigando o caso para identificar outras poss\u00edveis conex\u00f5es com o crime.<\/p>\n\n\n\n<p><a href=\"mailto:?subject=Homem%20%C3%A9%20preso%20por%20recepta%C3%A7%C3%A3o%20em%20Porto%20Uni%C3%A3o%20ap%C3%B3s%20troca%20de%20ve%C3%ADculo%20furtado&amp;body=https:\/\/www.vvale.com.br\/seguranca\/homem-e-preso-por-receptacao-em-porto-uniao-apos-troca-de-veiculo-furtado\/\" target=\"_blank\" rel=\"noreferrer noopener\"><\/a><\/p>\n\n\n\n<figure class=\"wp-block-image size-full\"><img loading=\"lazy\" decoding=\"async\" width=\"598\" height=\"204\" src=\"https:\/\/radiostudiow.com.br\/site\/wp-content\/uploads\/2025\/05\/POLAK.png\" alt=\"\" class=\"wp-image-37847\" srcset=\"https:\/\/radiostudiow.com.br\/site\/wp-content\/uploads\/2025\/05\/POLAK.png 598w, https:\/\/radiostudiow.com.br\/site\/wp-content\/uploads\/2025\/05\/POLAK-300x102.png 300w\" sizes=\"auto, (max-width: 598px) 100vw, 598px\" \/><\/figure>\n","protected":false},"excerpt":{"rendered":"<p>A equipe da Pol\u00edcia Militar de Porto Uni\u00e3o atendeu a uma ocorr\u00eancia de recepta\u00e7\u00e3o no bairro Vice King, na noite desta quarta-feira (02). Durante patrulhamento, a guarni\u00e7\u00e3o localizou um ve\u00edculo Fiat\/Palio com registro de furto\/roubo. O respons\u00e1vel pelo autom\u00f3vel foi abordado. O homem relatou que havia adquirido o ve\u00edculo por meio de uma troca realizada [&hellip;]<\/p>\n","protected":false},"author":2,"featured_media":39928,"comment_status":"open","ping_status":"open","sticky":false,"template":"","format":"standard","meta":{"footnotes":""},"categories":[2],"tags":[172],"class_list":["post-39927","post","type-post","status-publish","format-standard","has-post-thumbnail","hentry","category-policial","tag-featured"],"amp_enabled":true,"_links":{"self":[{"href":"https:\/\/radiostudiow.com.br\/site\/wp-json\/wp\/v2\/posts\/39927","targetHints":{"allow":["GET"]}}],"collection":[{"href":"https:\/\/radiostudiow.com.br\/site\/wp-json\/wp\/v2\/posts"}],"about":[{"href":"https:\/\/radiostudiow.com.br\/site\/wp-json\/wp\/v2\/types\/post"}],"author":[{"embeddable":true,"href":"https:\/\/radiostudiow.com.br\/site\/wp-json\/wp\/v2\/users\/2"}],"replies":[{"embeddable":true,"href":"https:\/\/radiostudiow.com.br\/site\/wp-json\/wp\/v2\/comments?post=39927"}],"version-history":[{"count":1,"href":"https:\/\/radiostudiow.com.br\/site\/wp-json\/wp\/v2\/posts\/39927\/revisions"}],"predecessor-version":[{"id":39929,"href":"https:\/\/radiostudiow.com.br\/site\/wp-json\/wp\/v2\/posts\/39927\/revisions\/39929"}],"wp:featuredmedia":[{"embeddable":true,"href":"https:\/\/radiostudiow.com.br\/site\/wp-json\/wp\/v2\/media\/39928"}],"wp:attachment":[{"href":"https:\/\/radiostudiow.com.br\/site\/wp-json\/wp\/v2\/media?parent=39927"}],"wp:term":[{"taxonomy":"category","embeddable":true,"href":"https:\/\/radiostudiow.com.br\/site\/wp-json\/wp\/v2\/categories?post=39927"},{"taxonomy":"post_tag","embeddable":true,"href":"https:\/\/radiostudiow.com.br\/site\/wp-json\/wp\/v2\/tags?post=39927"}],"curies":[{"name":"wp","href":"https:\/\/api.w.org\/{rel}","templated":true}]}}