{"id":39936,"date":"2025-07-03T10:45:31","date_gmt":"2025-07-03T13:45:31","guid":{"rendered":"https:\/\/radiostudiow.com.br\/site\/?p=39936"},"modified":"2025-07-03T10:45:32","modified_gmt":"2025-07-03T13:45:32","slug":"policia-militar-de-uniao-da-vitoria-prende-homem-com-mandado-de-prisao-ativo-pelo-crime-de-furto","status":"publish","type":"post","link":"https:\/\/radiostudiow.com.br\/site\/2025\/07\/03\/policia-militar-de-uniao-da-vitoria-prende-homem-com-mandado-de-prisao-ativo-pelo-crime-de-furto\/","title":{"rendered":"Pol\u00edcia Militar de Uni\u00e3o da Vit\u00f3ria prende homem com mandado de pris\u00e3o ativo pelo crime de furto"},"content":{"rendered":"\n<figure class=\"wp-block-image size-full\"><img loading=\"lazy\" decoding=\"async\" width=\"897\" height=\"204\" src=\"https:\/\/radiostudiow.com.br\/site\/wp-content\/uploads\/2025\/02\/SITE-GRANDE7.png\" alt=\"\" class=\"wp-image-33861\" srcset=\"https:\/\/radiostudiow.com.br\/site\/wp-content\/uploads\/2025\/02\/SITE-GRANDE7.png 897w, https:\/\/radiostudiow.com.br\/site\/wp-content\/uploads\/2025\/02\/SITE-GRANDE7-300x68.png 300w, https:\/\/radiostudiow.com.br\/site\/wp-content\/uploads\/2025\/02\/SITE-GRANDE7-768x175.png 768w\" sizes=\"auto, (max-width: 897px) 100vw, 897px\" \/><\/figure>\n\n\n\n<p>A equipe da Pol\u00edcia Militar de Uni\u00e3o da Vit\u00f3ria ap\u00f3s tomar conhecimento de um mandado de pris\u00e3o expedido em desfavor de um homem.<\/p>\n\n\n\n<p>O caso foi registrado por volta das 10h18min dessa ter\u00e7a-feira, 02 de julho, no distrito de S\u00e3o Crist\u00f3v\u00e3o. A equipe policial se deslocou at\u00e9 a sua prov\u00e1vel localiza\u00e7\u00e3o, sendo poss\u00edvel encontr\u00e1-lo.<\/p>\n\n\n\n<p>Ap\u00f3s confirmar o mandado, o homem foi cientificado de seus direitos, sendo emanada voz de pris\u00e3o e sendo conduzido \u00e0 Unidade Prisional Avan\u00e7adade Porto Uni\u00e3o, ficando \u00e0 disposi\u00e7\u00e3o da justi\u00e7a.<\/p>\n\n\n\n<figure class=\"wp-block-image size-full\"><img loading=\"lazy\" decoding=\"async\" width=\"598\" height=\"204\" src=\"https:\/\/radiostudiow.com.br\/site\/wp-content\/uploads\/2025\/01\/SITE-MEDIO7.png\" alt=\"\" class=\"wp-image-32801\" srcset=\"https:\/\/radiostudiow.com.br\/site\/wp-content\/uploads\/2025\/01\/SITE-MEDIO7.png 598w, https:\/\/radiostudiow.com.br\/site\/wp-content\/uploads\/2025\/01\/SITE-MEDIO7-300x102.png 300w\" sizes=\"auto, (max-width: 598px) 100vw, 598px\" \/><\/figure>\n","protected":false},"excerpt":{"rendered":"<p>A equipe da Pol\u00edcia Militar de Uni\u00e3o da Vit\u00f3ria ap\u00f3s tomar conhecimento de um mandado de pris\u00e3o expedido em desfavor de um homem. O caso foi registrado por volta das 10h18min dessa ter\u00e7a-feira, 02 de julho, no distrito de S\u00e3o Crist\u00f3v\u00e3o. A equipe policial se deslocou at\u00e9 a sua prov\u00e1vel localiza\u00e7\u00e3o, sendo poss\u00edvel encontr\u00e1-lo. Ap\u00f3s [&hellip;]<\/p>\n","protected":false},"author":2,"featured_media":33000,"comment_status":"open","ping_status":"open","sticky":false,"template":"","format":"standard","meta":{"footnotes":""},"categories":[2],"tags":[172],"class_list":["post-39936","post","type-post","status-publish","format-standard","has-post-thumbnail","hentry","category-policial","tag-featured"],"amp_enabled":true,"_links":{"self":[{"href":"https:\/\/radiostudiow.com.br\/site\/wp-json\/wp\/v2\/posts\/39936","targetHints":{"allow":["GET"]}}],"collection":[{"href":"https:\/\/radiostudiow.com.br\/site\/wp-json\/wp\/v2\/posts"}],"about":[{"href":"https:\/\/radiostudiow.com.br\/site\/wp-json\/wp\/v2\/types\/post"}],"author":[{"embeddable":true,"href":"https:\/\/radiostudiow.com.br\/site\/wp-json\/wp\/v2\/users\/2"}],"replies":[{"embeddable":true,"href":"https:\/\/radiostudiow.com.br\/site\/wp-json\/wp\/v2\/comments?post=39936"}],"version-history":[{"count":1,"href":"https:\/\/radiostudiow.com.br\/site\/wp-json\/wp\/v2\/posts\/39936\/revisions"}],"predecessor-version":[{"id":39937,"href":"https:\/\/radiostudiow.com.br\/site\/wp-json\/wp\/v2\/posts\/39936\/revisions\/39937"}],"wp:featuredmedia":[{"embeddable":true,"href":"https:\/\/radiostudiow.com.br\/site\/wp-json\/wp\/v2\/media\/33000"}],"wp:attachment":[{"href":"https:\/\/radiostudiow.com.br\/site\/wp-json\/wp\/v2\/media?parent=39936"}],"wp:term":[{"taxonomy":"category","embeddable":true,"href":"https:\/\/radiostudiow.com.br\/site\/wp-json\/wp\/v2\/categories?post=39936"},{"taxonomy":"post_tag","embeddable":true,"href":"https:\/\/radiostudiow.com.br\/site\/wp-json\/wp\/v2\/tags?post=39936"}],"curies":[{"name":"wp","href":"https:\/\/api.w.org\/{rel}","templated":true}]}}