{"id":39938,"date":"2025-07-03T11:01:16","date_gmt":"2025-07-03T14:01:16","guid":{"rendered":"https:\/\/radiostudiow.com.br\/site\/?p=39938"},"modified":"2025-07-03T11:01:16","modified_gmt":"2025-07-03T14:01:16","slug":"policia-militar-prende-homem-com-mandado-de-prisao-ativo-pelo-crime-de-trafico-de-drogas-em-uniao-da-vitoria","status":"publish","type":"post","link":"https:\/\/radiostudiow.com.br\/site\/2025\/07\/03\/policia-militar-prende-homem-com-mandado-de-prisao-ativo-pelo-crime-de-trafico-de-drogas-em-uniao-da-vitoria\/","title":{"rendered":"Pol\u00edcia Militar prende homem com mandado de pris\u00e3o ativo pelo crime de tr\u00e1fico de drogas em Uni\u00e3o da Vit\u00f3ria\u00a0"},"content":{"rendered":"\n<figure class=\"wp-block-image size-full\"><img loading=\"lazy\" decoding=\"async\" width=\"897\" height=\"204\" src=\"https:\/\/radiostudiow.com.br\/site\/wp-content\/uploads\/2025\/06\/BARROS.png\" alt=\"\" class=\"wp-image-39575\" srcset=\"https:\/\/radiostudiow.com.br\/site\/wp-content\/uploads\/2025\/06\/BARROS.png 897w, https:\/\/radiostudiow.com.br\/site\/wp-content\/uploads\/2025\/06\/BARROS-300x68.png 300w, https:\/\/radiostudiow.com.br\/site\/wp-content\/uploads\/2025\/06\/BARROS-768x175.png 768w\" sizes=\"auto, (max-width: 897px) 100vw, 897px\" \/><\/figure>\n\n\n\n<p>A equipe da Pol\u00edcia Militar de Uni\u00e3o da Vit\u00f3ria\u00a0de posse de informa\u00e7\u00f5es sobre um homem com mandado de pris\u00e3o ativo pelo crime de tr\u00e1fico de drogas.<\/p>\n\n\n\n<p>Durante patrulhamento no bairro S\u00e3o Bas\u00edlio por volta das 21h40min dessa ter\u00e7a-feira (02), a equipe abordou um indiv\u00edduo com as caracter\u00edsticas do autor. Ap\u00f3s consulta aos sistemas informatizados foi poss\u00edvel confirmar sua identidade.<\/p>\n\n\n\n<p>Diante dos fatos foi dada voz de pris\u00e3o e lidos seus direitos constitucionais, posteriormente foi encaminhado \u00e0 sede do Depen, permanecendo \u00e0 disposi\u00e7\u00e3o da justi\u00e7a.<\/p>\n\n\n\n<figure class=\"wp-block-image size-full\"><img loading=\"lazy\" decoding=\"async\" width=\"598\" height=\"204\" src=\"https:\/\/radiostudiow.com.br\/site\/wp-content\/uploads\/2025\/05\/BEAZY.jpg.png\" alt=\"\" class=\"wp-image-38197\" srcset=\"https:\/\/radiostudiow.com.br\/site\/wp-content\/uploads\/2025\/05\/BEAZY.jpg.png 598w, https:\/\/radiostudiow.com.br\/site\/wp-content\/uploads\/2025\/05\/BEAZY.jpg-300x102.png 300w\" sizes=\"auto, (max-width: 598px) 100vw, 598px\" \/><\/figure>\n","protected":false},"excerpt":{"rendered":"<p>A equipe da Pol\u00edcia Militar de Uni\u00e3o da Vit\u00f3ria\u00a0de posse de informa\u00e7\u00f5es sobre um homem com mandado de pris\u00e3o ativo pelo crime de tr\u00e1fico de drogas. Durante patrulhamento no bairro S\u00e3o Bas\u00edlio por volta das 21h40min dessa ter\u00e7a-feira (02), a equipe abordou um indiv\u00edduo com as caracter\u00edsticas do autor. Ap\u00f3s consulta aos sistemas informatizados foi [&hellip;]<\/p>\n","protected":false},"author":2,"featured_media":38633,"comment_status":"open","ping_status":"open","sticky":false,"template":"","format":"standard","meta":{"footnotes":""},"categories":[2],"tags":[172],"class_list":["post-39938","post","type-post","status-publish","format-standard","has-post-thumbnail","hentry","category-policial","tag-featured"],"amp_enabled":true,"_links":{"self":[{"href":"https:\/\/radiostudiow.com.br\/site\/wp-json\/wp\/v2\/posts\/39938","targetHints":{"allow":["GET"]}}],"collection":[{"href":"https:\/\/radiostudiow.com.br\/site\/wp-json\/wp\/v2\/posts"}],"about":[{"href":"https:\/\/radiostudiow.com.br\/site\/wp-json\/wp\/v2\/types\/post"}],"author":[{"embeddable":true,"href":"https:\/\/radiostudiow.com.br\/site\/wp-json\/wp\/v2\/users\/2"}],"replies":[{"embeddable":true,"href":"https:\/\/radiostudiow.com.br\/site\/wp-json\/wp\/v2\/comments?post=39938"}],"version-history":[{"count":1,"href":"https:\/\/radiostudiow.com.br\/site\/wp-json\/wp\/v2\/posts\/39938\/revisions"}],"predecessor-version":[{"id":39939,"href":"https:\/\/radiostudiow.com.br\/site\/wp-json\/wp\/v2\/posts\/39938\/revisions\/39939"}],"wp:featuredmedia":[{"embeddable":true,"href":"https:\/\/radiostudiow.com.br\/site\/wp-json\/wp\/v2\/media\/38633"}],"wp:attachment":[{"href":"https:\/\/radiostudiow.com.br\/site\/wp-json\/wp\/v2\/media?parent=39938"}],"wp:term":[{"taxonomy":"category","embeddable":true,"href":"https:\/\/radiostudiow.com.br\/site\/wp-json\/wp\/v2\/categories?post=39938"},{"taxonomy":"post_tag","embeddable":true,"href":"https:\/\/radiostudiow.com.br\/site\/wp-json\/wp\/v2\/tags?post=39938"}],"curies":[{"name":"wp","href":"https:\/\/api.w.org\/{rel}","templated":true}]}}