{"id":4004,"date":"2021-10-13T15:39:08","date_gmt":"2021-10-13T18:39:08","guid":{"rendered":"https:\/\/radiostudiow.com.br\/site\/?p=4004"},"modified":"2025-01-31T15:12:26","modified_gmt":"2025-01-31T18:12:26","slug":"porco-e-furtado-de-propriedade-rural-em-mallet","status":"publish","type":"post","link":"https:\/\/radiostudiow.com.br\/site\/2021\/10\/13\/porco-e-furtado-de-propriedade-rural-em-mallet\/","title":{"rendered":"Porco \u00e9 furtado de propriedade rural em Mallet"},"content":{"rendered":"\n<p>A equipe da Pol\u00edcia Militar de Mallet foi acionada ap\u00f3s ocorrer um furto na \u00e1rea rural do munic\u00edpio nessa segunda \u2013 feira (11).<\/p>\n\n\n\n<p>O solicitante afirmou que havia sido furtado de sua propriedade um porco de aproximadamente 30 quilos.<\/p>\n\n\n\n<p>O homem ainda relatou que encontrou marcas de sangue do animal que seguiam at\u00e9 um matagal pr\u00f3ximo do local.<\/p>\n\n\n\n<p>Os policiais realizaram patrulhamento por toda regi\u00e3o, por\u00e9m, n\u00e3o logrou \u00eaxito nas buscas pelo autor dos fatos.<\/p>\n\n\n\n<figure class=\"wp-block-image size-full\"><img decoding=\"async\" src=\"https:\/\/radiostudiow.com.br\/site\/wp-content\/uploads\/2021\/08\/vem_ai.jpg\" alt=\"\" class=\"wp-image-3354\"\/><\/figure>\n","protected":false},"excerpt":{"rendered":"<p>A equipe da Pol\u00edcia Militar de Mallet foi acionada ap\u00f3s ocorrer um furto na \u00e1rea rural do munic\u00edpio nessa segunda \u2013 feira (11). O solicitante afirmou que havia sido furtado de sua propriedade um porco de aproximadamente 30 quilos. O homem ainda relatou que encontrou marcas de sangue do animal que seguiam at\u00e9 um matagal [&hellip;]<\/p>\n","protected":false},"author":2,"featured_media":0,"comment_status":"open","ping_status":"open","sticky":false,"template":"","format":"standard","meta":{"footnotes":""},"categories":[2],"tags":[172],"class_list":["post-4004","post","type-post","status-publish","format-standard","hentry","category-policial","tag-featured"],"amp_enabled":true,"_links":{"self":[{"href":"https:\/\/radiostudiow.com.br\/site\/wp-json\/wp\/v2\/posts\/4004","targetHints":{"allow":["GET"]}}],"collection":[{"href":"https:\/\/radiostudiow.com.br\/site\/wp-json\/wp\/v2\/posts"}],"about":[{"href":"https:\/\/radiostudiow.com.br\/site\/wp-json\/wp\/v2\/types\/post"}],"author":[{"embeddable":true,"href":"https:\/\/radiostudiow.com.br\/site\/wp-json\/wp\/v2\/users\/2"}],"replies":[{"embeddable":true,"href":"https:\/\/radiostudiow.com.br\/site\/wp-json\/wp\/v2\/comments?post=4004"}],"version-history":[{"count":1,"href":"https:\/\/radiostudiow.com.br\/site\/wp-json\/wp\/v2\/posts\/4004\/revisions"}],"predecessor-version":[{"id":4005,"href":"https:\/\/radiostudiow.com.br\/site\/wp-json\/wp\/v2\/posts\/4004\/revisions\/4005"}],"wp:attachment":[{"href":"https:\/\/radiostudiow.com.br\/site\/wp-json\/wp\/v2\/media?parent=4004"}],"wp:term":[{"taxonomy":"category","embeddable":true,"href":"https:\/\/radiostudiow.com.br\/site\/wp-json\/wp\/v2\/categories?post=4004"},{"taxonomy":"post_tag","embeddable":true,"href":"https:\/\/radiostudiow.com.br\/site\/wp-json\/wp\/v2\/tags?post=4004"}],"curies":[{"name":"wp","href":"https:\/\/api.w.org\/{rel}","templated":true}]}}