{"id":4007,"date":"2021-10-13T16:45:31","date_gmt":"2021-10-13T19:45:31","guid":{"rendered":"https:\/\/radiostudiow.com.br\/site\/?p=4007"},"modified":"2025-01-31T15:12:26","modified_gmt":"2025-01-31T18:12:26","slug":"homem-e-encontrado-morto-em-rio-azul","status":"publish","type":"post","link":"https:\/\/radiostudiow.com.br\/site\/2021\/10\/13\/homem-e-encontrado-morto-em-rio-azul\/","title":{"rendered":"Homem \u00e9 encontrado morto em Rio Azul"},"content":{"rendered":"\n<p>Um homem foi encontrado morto na manh\u00e3 desta segunda-feira, 11 de outubro, por volta das 08:20 horas na localidade de Cerro Azul, no interior de Rio Azul.\u00a0<\/p>\n\n\n\n<p><br>Segundo a Pol\u00edcia Militar (PM), funcion\u00e1rios da Secretaria Municipal de Sa\u00fade foram acionados para atender a ocorr\u00eancia. Eles foram informados que um homem identificado como Vicente Sedoski, de 58 anos, teria passado mal. A esposa da v\u00edtima relatou aos policiais que o marido tinha o h\u00e1bito de sair para fora de casa, ficando em uma \u00e1rea existente no im\u00f3vel. Como ele demorou a retornar, a mulher saiu para verificar e encontrou o esposo ca\u00eddo.<\/p>\n\n\n\n<p><br>Quando chegaram ao local, os funcion\u00e1rios da secretaria de Sa\u00fade constataram o \u00f3bito do morador. O homem provavelmente morreu de causas naturais. Por\u00e9m, o corpo foi levado para o hospital S\u00e3o Francisco de Assis. Os policiais isolaram a \u00e1rea at\u00e9 a chegada da Pol\u00edcia Civil de Rebou\u00e7as.&nbsp;<\/p>\n\n\n\n<figure class=\"wp-block-image size-full\"><img decoding=\"async\" src=\"https:\/\/radiostudiow.com.br\/site\/wp-content\/uploads\/2021\/08\/240387432_2992083691066122_4820772207429196742_n.jpg\" alt=\"\" class=\"wp-image-3380\"\/><\/figure>\n","protected":false},"excerpt":{"rendered":"<p>Um homem foi encontrado morto na manh\u00e3 desta segunda-feira, 11 de outubro, por volta das 08:20 horas na localidade de Cerro Azul, no interior de Rio Azul.\u00a0 Segundo a Pol\u00edcia Militar (PM), funcion\u00e1rios da Secretaria Municipal de Sa\u00fade foram acionados para atender a ocorr\u00eancia. Eles foram informados que um homem identificado como Vicente Sedoski, de [&hellip;]<\/p>\n","protected":false},"author":2,"featured_media":4008,"comment_status":"open","ping_status":"open","sticky":false,"template":"","format":"standard","meta":{"footnotes":""},"categories":[2],"tags":[172],"class_list":["post-4007","post","type-post","status-publish","format-standard","has-post-thumbnail","hentry","category-policial","tag-featured"],"amp_enabled":true,"_links":{"self":[{"href":"https:\/\/radiostudiow.com.br\/site\/wp-json\/wp\/v2\/posts\/4007","targetHints":{"allow":["GET"]}}],"collection":[{"href":"https:\/\/radiostudiow.com.br\/site\/wp-json\/wp\/v2\/posts"}],"about":[{"href":"https:\/\/radiostudiow.com.br\/site\/wp-json\/wp\/v2\/types\/post"}],"author":[{"embeddable":true,"href":"https:\/\/radiostudiow.com.br\/site\/wp-json\/wp\/v2\/users\/2"}],"replies":[{"embeddable":true,"href":"https:\/\/radiostudiow.com.br\/site\/wp-json\/wp\/v2\/comments?post=4007"}],"version-history":[{"count":3,"href":"https:\/\/radiostudiow.com.br\/site\/wp-json\/wp\/v2\/posts\/4007\/revisions"}],"predecessor-version":[{"id":4012,"href":"https:\/\/radiostudiow.com.br\/site\/wp-json\/wp\/v2\/posts\/4007\/revisions\/4012"}],"wp:featuredmedia":[{"embeddable":true,"href":"https:\/\/radiostudiow.com.br\/site\/wp-json\/wp\/v2\/media\/4008"}],"wp:attachment":[{"href":"https:\/\/radiostudiow.com.br\/site\/wp-json\/wp\/v2\/media?parent=4007"}],"wp:term":[{"taxonomy":"category","embeddable":true,"href":"https:\/\/radiostudiow.com.br\/site\/wp-json\/wp\/v2\/categories?post=4007"},{"taxonomy":"post_tag","embeddable":true,"href":"https:\/\/radiostudiow.com.br\/site\/wp-json\/wp\/v2\/tags?post=4007"}],"curies":[{"name":"wp","href":"https:\/\/api.w.org\/{rel}","templated":true}]}}