{"id":4013,"date":"2021-10-13T22:41:52","date_gmt":"2021-10-14T01:41:52","guid":{"rendered":"https:\/\/radiostudiow.com.br\/site\/?p=4013"},"modified":"2025-01-31T15:12:25","modified_gmt":"2025-01-31T18:12:25","slug":"homem-se-passa-por-investigador-e-e-preso-pela-policia-civil-de-mallet-na-colonia-duas-em-rio-claro-do-sul","status":"publish","type":"post","link":"https:\/\/radiostudiow.com.br\/site\/2021\/10\/13\/homem-se-passa-por-investigador-e-e-preso-pela-policia-civil-de-mallet-na-colonia-duas-em-rio-claro-do-sul\/","title":{"rendered":"HOMEM SE PASSA POR INVESTIGADOR E \u00c9 PRESO PELA POL\u00cdCIA CIVIL DE MALLET NA COL\u00d4NIA DUAS EM RIO CLARO DO SUL"},"content":{"rendered":"\n<p>Policiais Civis da cidade de Mallet, receberam na tarde desta quarta-feira dia 13 de outubro, uma den\u00fancia de que um masculino estaria em um ve\u00edculo de cor prata na localidade da Col\u00f4nia Duas\/Rio Claro do Sul interior do munic\u00edpio, se passando inicialmente por investigador da pol\u00edcia, realizando perguntas sobre algumas pessoas.<\/p>\n\n\n\n<p>De acordo com informa\u00e7\u00f5es, posteriormente na mesma localidade, o suspeito de falsa identidade, se dizia um vendedor.<\/p>\n\n\n\n<p>Esse tal comportamento gerou desconfian\u00e7a e deixou os populares temerosos sobre os fatos.<\/p>\n\n\n\n<p>Diante da referida den\u00fancia e de posse da placa do ve\u00edculo, os policiais da 10\u00aa DRP,&nbsp; sa\u00edram&nbsp; em dilig\u00eancia e na sequ\u00eancia localizaram o homem.<\/p>\n\n\n\n<p>Segundo o Boletim de Ocorr\u00eancia,\u00a0 o acusado foi abordado na entrada da cidade e constatado que ele encontrava-se em estado de embriaguez, inclusive deixando seu ve\u00edculo de forma imprudente parado em via p\u00fablica e com o motor funcionando.<\/p>\n\n\n\n<figure class=\"wp-block-image size-full\"><img decoding=\"async\" src=\"https:\/\/radiostudiow.com.br\/site\/wp-content\/uploads\/2021\/08\/240387432_2992083691066122_4820772207429196742_n.jpg\" alt=\"\" class=\"wp-image-3380\"\/><\/figure>\n\n\n\n<p>Os policiais ainda o encontraram com uma lata de cerveja na m\u00e3o.<\/p>\n\n\n\n<p>Diante aos fatos,&nbsp; foi dado voz de pris\u00e3o ao cidad\u00e3o pelos policiais civis e conduzido at\u00e9 a Delegacia da Pol\u00edcia Civil,&nbsp; para lavratura do auto de pris\u00e3o em flagrante.<\/p>\n\n\n\n<p>&nbsp;A equipe da Policial Militar foi acionada e prestou apoio realizando o teste de baf\u00f4metro, o qual aferiu 1,09 mg\/l (miligramas de \u00e1lcool por litros de ar expelido dos pulm\u00f5es).<\/p>\n\n\n\n<p>O masculino de 47 anos negou ter se identificado como investigador de pol\u00edcia, dizendo que foi um mal entendido e ap\u00f3s a lavratura dos procedimentos cab\u00edveis ele foi escoltado para a cadeia p\u00fablica de Uni\u00e3o da Vit\u00f3ria.<\/p>\n\n\n\n<figure class=\"wp-block-image size-full\"><img decoding=\"async\" src=\"https:\/\/radiostudiow.com.br\/site\/wp-content\/uploads\/2021\/08\/vem_ai-1.jpg\" alt=\"\" class=\"wp-image-3387\"\/><\/figure>\n","protected":false},"excerpt":{"rendered":"<p>Policiais Civis da cidade de Mallet, receberam na tarde desta quarta-feira dia 13 de outubro, uma den\u00fancia de que um masculino estaria em um ve\u00edculo de cor prata na localidade da Col\u00f4nia Duas\/Rio Claro do Sul interior do munic\u00edpio, se passando inicialmente por investigador da pol\u00edcia, realizando perguntas sobre algumas pessoas. De acordo com informa\u00e7\u00f5es, [&hellip;]<\/p>\n","protected":false},"author":2,"featured_media":4014,"comment_status":"open","ping_status":"open","sticky":false,"template":"","format":"standard","meta":{"footnotes":""},"categories":[184,2],"tags":[172],"class_list":["post-4013","post","type-post","status-publish","format-standard","has-post-thumbnail","hentry","category-local","category-policial","tag-featured"],"amp_enabled":true,"_links":{"self":[{"href":"https:\/\/radiostudiow.com.br\/site\/wp-json\/wp\/v2\/posts\/4013","targetHints":{"allow":["GET"]}}],"collection":[{"href":"https:\/\/radiostudiow.com.br\/site\/wp-json\/wp\/v2\/posts"}],"about":[{"href":"https:\/\/radiostudiow.com.br\/site\/wp-json\/wp\/v2\/types\/post"}],"author":[{"embeddable":true,"href":"https:\/\/radiostudiow.com.br\/site\/wp-json\/wp\/v2\/users\/2"}],"replies":[{"embeddable":true,"href":"https:\/\/radiostudiow.com.br\/site\/wp-json\/wp\/v2\/comments?post=4013"}],"version-history":[{"count":1,"href":"https:\/\/radiostudiow.com.br\/site\/wp-json\/wp\/v2\/posts\/4013\/revisions"}],"predecessor-version":[{"id":4015,"href":"https:\/\/radiostudiow.com.br\/site\/wp-json\/wp\/v2\/posts\/4013\/revisions\/4015"}],"wp:featuredmedia":[{"embeddable":true,"href":"https:\/\/radiostudiow.com.br\/site\/wp-json\/wp\/v2\/media\/4014"}],"wp:attachment":[{"href":"https:\/\/radiostudiow.com.br\/site\/wp-json\/wp\/v2\/media?parent=4013"}],"wp:term":[{"taxonomy":"category","embeddable":true,"href":"https:\/\/radiostudiow.com.br\/site\/wp-json\/wp\/v2\/categories?post=4013"},{"taxonomy":"post_tag","embeddable":true,"href":"https:\/\/radiostudiow.com.br\/site\/wp-json\/wp\/v2\/tags?post=4013"}],"curies":[{"name":"wp","href":"https:\/\/api.w.org\/{rel}","templated":true}]}}