{"id":4016,"date":"2021-10-14T09:52:21","date_gmt":"2021-10-14T12:52:21","guid":{"rendered":"https:\/\/radiostudiow.com.br\/site\/?p=4016"},"modified":"2025-01-31T15:12:25","modified_gmt":"2025-01-31T18:12:25","slug":"dois-homens-sao-esfaqueados-em-area-rural-de-cruz-machado","status":"publish","type":"post","link":"https:\/\/radiostudiow.com.br\/site\/2021\/10\/14\/dois-homens-sao-esfaqueados-em-area-rural-de-cruz-machado\/","title":{"rendered":"Dois homens s\u00e3o esfaqueados em \u00e1rea rural de Cruz Machado"},"content":{"rendered":"\n<p>Tentativa de homic\u00eddio foi registrada pela Pol\u00edcia Militar de Cruz Machado durante essa quarta-feira, 13 de outubro.<\/p>\n\n\n\n<p>Conforme as informa\u00e7\u00f5es do relat\u00f3rio policial, dois homens que n\u00e3o tiveram a identifica\u00e7\u00e3o divulgada, estavam escutando som no carro em uma \u00e1rea rural, quando foram surpreendidos por um indiv\u00edduo armado com uma faca por volta das 23:30 horas dessa ter\u00e7a-feira (12).<\/p>\n\n\n\n<p>O autoresfaqueou as v\u00edtimas causando les\u00f5es no abd\u00f4men e na perna. <\/p>\n\n\n\n<p>As v\u00edtimas ainda relataram para os policiais n\u00e3o ter conhecimento sobre o que motivou o crime. O caso foi registrado e orienta\u00e7\u00f5es foram repassadas.<\/p>\n\n\n\n<figure class=\"wp-block-image size-full\"><img decoding=\"async\" src=\"https:\/\/radiostudiow.com.br\/site\/wp-content\/uploads\/2021\/08\/240387432_2992083691066122_4820772207429196742_n.jpg\" alt=\"\" class=\"wp-image-3380\"\/><\/figure>\n","protected":false},"excerpt":{"rendered":"<p>Tentativa de homic\u00eddio foi registrada pela Pol\u00edcia Militar de Cruz Machado durante essa quarta-feira, 13 de outubro. Conforme as informa\u00e7\u00f5es do relat\u00f3rio policial, dois homens que n\u00e3o tiveram a identifica\u00e7\u00e3o divulgada, estavam escutando som no carro em uma \u00e1rea rural, quando foram surpreendidos por um indiv\u00edduo armado com uma faca por volta das 23:30 horas [&hellip;]<\/p>\n","protected":false},"author":2,"featured_media":1589,"comment_status":"open","ping_status":"open","sticky":false,"template":"","format":"standard","meta":{"footnotes":""},"categories":[2],"tags":[172],"class_list":["post-4016","post","type-post","status-publish","format-standard","has-post-thumbnail","hentry","category-policial","tag-featured"],"amp_enabled":true,"_links":{"self":[{"href":"https:\/\/radiostudiow.com.br\/site\/wp-json\/wp\/v2\/posts\/4016","targetHints":{"allow":["GET"]}}],"collection":[{"href":"https:\/\/radiostudiow.com.br\/site\/wp-json\/wp\/v2\/posts"}],"about":[{"href":"https:\/\/radiostudiow.com.br\/site\/wp-json\/wp\/v2\/types\/post"}],"author":[{"embeddable":true,"href":"https:\/\/radiostudiow.com.br\/site\/wp-json\/wp\/v2\/users\/2"}],"replies":[{"embeddable":true,"href":"https:\/\/radiostudiow.com.br\/site\/wp-json\/wp\/v2\/comments?post=4016"}],"version-history":[{"count":1,"href":"https:\/\/radiostudiow.com.br\/site\/wp-json\/wp\/v2\/posts\/4016\/revisions"}],"predecessor-version":[{"id":4017,"href":"https:\/\/radiostudiow.com.br\/site\/wp-json\/wp\/v2\/posts\/4016\/revisions\/4017"}],"wp:featuredmedia":[{"embeddable":true,"href":"https:\/\/radiostudiow.com.br\/site\/wp-json\/wp\/v2\/media\/1589"}],"wp:attachment":[{"href":"https:\/\/radiostudiow.com.br\/site\/wp-json\/wp\/v2\/media?parent=4016"}],"wp:term":[{"taxonomy":"category","embeddable":true,"href":"https:\/\/radiostudiow.com.br\/site\/wp-json\/wp\/v2\/categories?post=4016"},{"taxonomy":"post_tag","embeddable":true,"href":"https:\/\/radiostudiow.com.br\/site\/wp-json\/wp\/v2\/tags?post=4016"}],"curies":[{"name":"wp","href":"https:\/\/api.w.org\/{rel}","templated":true}]}}