{"id":4030,"date":"2021-10-15T11:31:26","date_gmt":"2021-10-15T14:31:26","guid":{"rendered":"https:\/\/radiostudiow.com.br\/site\/?p=4030"},"modified":"2025-01-31T15:12:25","modified_gmt":"2025-01-31T18:12:25","slug":"mulher-e-vitima-de-furto-em-sao-mateus-do-sul","status":"publish","type":"post","link":"https:\/\/radiostudiow.com.br\/site\/2021\/10\/15\/mulher-e-vitima-de-furto-em-sao-mateus-do-sul\/","title":{"rendered":"Mulher \u00e9 vitima de furto em S\u00e3o Mateus do Sul"},"content":{"rendered":"\n<p>Uma mulher acionou a equipe da Pol\u00edcia Militar de S\u00e3o Mateus do Sul ap\u00f3s ser v\u00edtima de furto enquanto trabalhava nesta quinta-feira (14). A situa\u00e7\u00e3o ocorreu na Vila Verde.<\/p>\n\n\n\n<p>De acordo com a solicitante, ela saiu para trabalhar no per\u00edodo da manh\u00e3 e ao retornar por volta das 19:20 horas se deparou com a janela da casa arrombada.<\/p>\n\n\n\n<p>Do interior da resid\u00eancia a v\u00edtima sentiu falta de R$ 80,00 (oitenta reais) e seu notebook marca Samsung da cor cinza.<\/p>\n\n\n\n<p>No local a equipe policial confirmou o fato, realizou dilig\u00eancias nas proximidades, mas nada de il\u00edcito foi encontrado. Orientou a v\u00edtima quanto aos procedimentos cab\u00edveis.<\/p>\n\n\n\n<figure class=\"wp-block-image size-full\"><img decoding=\"async\" src=\"https:\/\/radiostudiow.com.br\/site\/wp-content\/uploads\/2021\/08\/240387432_2992083691066122_4820772207429196742_n.jpg\" alt=\"\" class=\"wp-image-3380\"\/><\/figure>\n","protected":false},"excerpt":{"rendered":"<p>Uma mulher acionou a equipe da Pol\u00edcia Militar de S\u00e3o Mateus do Sul ap\u00f3s ser v\u00edtima de furto enquanto trabalhava nesta quinta-feira (14). A situa\u00e7\u00e3o ocorreu na Vila Verde. De acordo com a solicitante, ela saiu para trabalhar no per\u00edodo da manh\u00e3 e ao retornar por volta das 19:20 horas se deparou com a janela [&hellip;]<\/p>\n","protected":false},"author":2,"featured_media":0,"comment_status":"open","ping_status":"open","sticky":false,"template":"","format":"standard","meta":{"footnotes":""},"categories":[2],"tags":[172],"class_list":["post-4030","post","type-post","status-publish","format-standard","hentry","category-policial","tag-featured"],"amp_enabled":true,"_links":{"self":[{"href":"https:\/\/radiostudiow.com.br\/site\/wp-json\/wp\/v2\/posts\/4030","targetHints":{"allow":["GET"]}}],"collection":[{"href":"https:\/\/radiostudiow.com.br\/site\/wp-json\/wp\/v2\/posts"}],"about":[{"href":"https:\/\/radiostudiow.com.br\/site\/wp-json\/wp\/v2\/types\/post"}],"author":[{"embeddable":true,"href":"https:\/\/radiostudiow.com.br\/site\/wp-json\/wp\/v2\/users\/2"}],"replies":[{"embeddable":true,"href":"https:\/\/radiostudiow.com.br\/site\/wp-json\/wp\/v2\/comments?post=4030"}],"version-history":[{"count":1,"href":"https:\/\/radiostudiow.com.br\/site\/wp-json\/wp\/v2\/posts\/4030\/revisions"}],"predecessor-version":[{"id":4031,"href":"https:\/\/radiostudiow.com.br\/site\/wp-json\/wp\/v2\/posts\/4030\/revisions\/4031"}],"wp:attachment":[{"href":"https:\/\/radiostudiow.com.br\/site\/wp-json\/wp\/v2\/media?parent=4030"}],"wp:term":[{"taxonomy":"category","embeddable":true,"href":"https:\/\/radiostudiow.com.br\/site\/wp-json\/wp\/v2\/categories?post=4030"},{"taxonomy":"post_tag","embeddable":true,"href":"https:\/\/radiostudiow.com.br\/site\/wp-json\/wp\/v2\/tags?post=4030"}],"curies":[{"name":"wp","href":"https:\/\/api.w.org\/{rel}","templated":true}]}}