{"id":4071,"date":"2021-10-18T17:38:16","date_gmt":"2021-10-18T20:38:16","guid":{"rendered":"https:\/\/radiostudiow.com.br\/site\/?p=4071"},"modified":"2025-01-31T15:12:25","modified_gmt":"2025-01-31T18:12:25","slug":"homem-e-apreendido-com-revolver-em-mallet","status":"publish","type":"post","link":"https:\/\/radiostudiow.com.br\/site\/2021\/10\/18\/homem-e-apreendido-com-revolver-em-mallet\/","title":{"rendered":"Homem \u00e9 apreendido com revolver em Mallet"},"content":{"rendered":"\n<p>A equipe da Pol\u00edcia Militar de Mallet se deslocou at\u00e9 uma resid\u00eancia na \u00e1rea rural do munic\u00edpio ap\u00f3s receber v\u00e1rias den\u00fancias de disparo de arma de fogo.<\/p>\n\n\n\n<p>&nbsp;A situa\u00e7\u00e3o ocorreu por volta das 09:30 horas desse domingo, 17 de outubro.<\/p>\n\n\n\n<p>Os policiais realizaram buscas e abordagem em um homem suspeito, o qual possu\u00eda um rev\u00f3lver.<\/p>\n\n\n\n<p>Diante aos fatos, o abordado foi conduzido para a delegacia de pol\u00edcia para os procedimentos cab\u00edveis.<\/p>\n\n\n\n<figure class=\"wp-block-image size-full\"><img decoding=\"async\" src=\"https:\/\/radiostudiow.com.br\/site\/wp-content\/uploads\/2021\/09\/SICREDI.jpg\" alt=\"\" class=\"wp-image-3492\"\/><\/figure>\n","protected":false},"excerpt":{"rendered":"<p>A equipe da Pol\u00edcia Militar de Mallet se deslocou at\u00e9 uma resid\u00eancia na \u00e1rea rural do munic\u00edpio ap\u00f3s receber v\u00e1rias den\u00fancias de disparo de arma de fogo. &nbsp;A situa\u00e7\u00e3o ocorreu por volta das 09:30 horas desse domingo, 17 de outubro. Os policiais realizaram buscas e abordagem em um homem suspeito, o qual possu\u00eda um rev\u00f3lver. [&hellip;]<\/p>\n","protected":false},"author":2,"featured_media":0,"comment_status":"open","ping_status":"open","sticky":false,"template":"","format":"standard","meta":{"footnotes":""},"categories":[2],"tags":[172],"class_list":["post-4071","post","type-post","status-publish","format-standard","hentry","category-policial","tag-featured"],"amp_enabled":true,"_links":{"self":[{"href":"https:\/\/radiostudiow.com.br\/site\/wp-json\/wp\/v2\/posts\/4071","targetHints":{"allow":["GET"]}}],"collection":[{"href":"https:\/\/radiostudiow.com.br\/site\/wp-json\/wp\/v2\/posts"}],"about":[{"href":"https:\/\/radiostudiow.com.br\/site\/wp-json\/wp\/v2\/types\/post"}],"author":[{"embeddable":true,"href":"https:\/\/radiostudiow.com.br\/site\/wp-json\/wp\/v2\/users\/2"}],"replies":[{"embeddable":true,"href":"https:\/\/radiostudiow.com.br\/site\/wp-json\/wp\/v2\/comments?post=4071"}],"version-history":[{"count":1,"href":"https:\/\/radiostudiow.com.br\/site\/wp-json\/wp\/v2\/posts\/4071\/revisions"}],"predecessor-version":[{"id":4072,"href":"https:\/\/radiostudiow.com.br\/site\/wp-json\/wp\/v2\/posts\/4071\/revisions\/4072"}],"wp:attachment":[{"href":"https:\/\/radiostudiow.com.br\/site\/wp-json\/wp\/v2\/media?parent=4071"}],"wp:term":[{"taxonomy":"category","embeddable":true,"href":"https:\/\/radiostudiow.com.br\/site\/wp-json\/wp\/v2\/categories?post=4071"},{"taxonomy":"post_tag","embeddable":true,"href":"https:\/\/radiostudiow.com.br\/site\/wp-json\/wp\/v2\/tags?post=4071"}],"curies":[{"name":"wp","href":"https:\/\/api.w.org\/{rel}","templated":true}]}}