{"id":40767,"date":"2025-07-31T10:13:27","date_gmt":"2025-07-31T13:13:27","guid":{"rendered":"https:\/\/radiostudiow.com.br\/site\/?p=40767"},"modified":"2025-07-31T10:13:28","modified_gmt":"2025-07-31T13:13:28","slug":"capotamento-e-registrado-na-br-153-em-mallet-na-famosa-curva-do-taxarin","status":"publish","type":"post","link":"https:\/\/radiostudiow.com.br\/site\/2025\/07\/31\/capotamento-e-registrado-na-br-153-em-mallet-na-famosa-curva-do-taxarin\/","title":{"rendered":"Capotamento \u00e9 registrado na BR-153, em Mallet na famosa &#8220;Curva do Taxarin&#8221;"},"content":{"rendered":"\n<figure class=\"wp-block-image size-full\"><img loading=\"lazy\" decoding=\"async\" width=\"897\" height=\"204\" src=\"https:\/\/radiostudiow.com.br\/site\/wp-content\/uploads\/2025\/06\/BARROS.png\" alt=\"\" class=\"wp-image-39575\" srcset=\"https:\/\/radiostudiow.com.br\/site\/wp-content\/uploads\/2025\/06\/BARROS.png 897w, https:\/\/radiostudiow.com.br\/site\/wp-content\/uploads\/2025\/06\/BARROS-300x68.png 300w, https:\/\/radiostudiow.com.br\/site\/wp-content\/uploads\/2025\/06\/BARROS-768x175.png 768w\" sizes=\"auto, (max-width: 897px) 100vw, 897px\" \/><\/figure>\n\n\n\n<p>Na tarde desta quarta-feira, 30 de julho, por volta das 17h15, a Pol\u00edcia Rodovi\u00e1ria Federal (PRF) atendeu a um acidente de tr\u00e2nsito do tipo sa\u00edda de pista seguida de capotamento, ocorrido no km 384 da BR-153, no munic\u00edpio de Mallet.<\/p>\n\n\n\n<p>O acidente envolveu um ve\u00edculo Honda Civic, com placas de Mallet. Segundo informa\u00e7\u00f5es da PRF, o condutor, um homem de 39 anos, n\u00e3o sofreu ferimentos e permaneceu ileso. N\u00e3o houve necessidade de interdi\u00e7\u00e3o da rodovia.<\/p>\n\n\n\n<figure class=\"wp-block-image size-full\"><img loading=\"lazy\" decoding=\"async\" width=\"897\" height=\"204\" src=\"https:\/\/radiostudiow.com.br\/site\/wp-content\/uploads\/2025\/05\/NUTRI-MALLET.png\" alt=\"\" class=\"wp-image-37813\" srcset=\"https:\/\/radiostudiow.com.br\/site\/wp-content\/uploads\/2025\/05\/NUTRI-MALLET.png 897w, https:\/\/radiostudiow.com.br\/site\/wp-content\/uploads\/2025\/05\/NUTRI-MALLET-300x68.png 300w, https:\/\/radiostudiow.com.br\/site\/wp-content\/uploads\/2025\/05\/NUTRI-MALLET-768x175.png 768w\" sizes=\"auto, (max-width: 897px) 100vw, 897px\" \/><\/figure>\n\n\n\n<p>O capotamento aconteceu em um trecho conhecido como \u201ccurva do Taxarim\u201d, onde infelizmente j\u00e1 foi registrado dezenas de acidentes e in\u00famera mortes neste local. Equipes dos Brigadistas Comunit\u00e1rios tamb\u00e9m foram acionadas para prestar apoio na ocorr\u00eancia.<\/p>\n\n\n\n<p class=\"has-text-align-center\"><em>As informa\u00e7\u00f5es s\u00e3o da Pol\u00edcia Rodovi\u00e1ria Federal &#8211; Rep\u00f3rter Kiko de Oliveira &#8211; Foto: Internautas.<\/em><\/p>\n","protected":false},"excerpt":{"rendered":"<p>Na tarde desta quarta-feira, 30 de julho, por volta das 17h15, a Pol\u00edcia Rodovi\u00e1ria Federal (PRF) atendeu a um acidente de tr\u00e2nsito do tipo sa\u00edda de pista seguida de capotamento, ocorrido no km 384 da BR-153, no munic\u00edpio de Mallet. O acidente envolveu um ve\u00edculo Honda Civic, com placas de Mallet. Segundo informa\u00e7\u00f5es da PRF, [&hellip;]<\/p>\n","protected":false},"author":2,"featured_media":40768,"comment_status":"open","ping_status":"open","sticky":false,"template":"","format":"standard","meta":{"footnotes":""},"categories":[184],"tags":[172],"class_list":["post-40767","post","type-post","status-publish","format-standard","has-post-thumbnail","hentry","category-local","tag-featured"],"amp_enabled":true,"_links":{"self":[{"href":"https:\/\/radiostudiow.com.br\/site\/wp-json\/wp\/v2\/posts\/40767","targetHints":{"allow":["GET"]}}],"collection":[{"href":"https:\/\/radiostudiow.com.br\/site\/wp-json\/wp\/v2\/posts"}],"about":[{"href":"https:\/\/radiostudiow.com.br\/site\/wp-json\/wp\/v2\/types\/post"}],"author":[{"embeddable":true,"href":"https:\/\/radiostudiow.com.br\/site\/wp-json\/wp\/v2\/users\/2"}],"replies":[{"embeddable":true,"href":"https:\/\/radiostudiow.com.br\/site\/wp-json\/wp\/v2\/comments?post=40767"}],"version-history":[{"count":1,"href":"https:\/\/radiostudiow.com.br\/site\/wp-json\/wp\/v2\/posts\/40767\/revisions"}],"predecessor-version":[{"id":40769,"href":"https:\/\/radiostudiow.com.br\/site\/wp-json\/wp\/v2\/posts\/40767\/revisions\/40769"}],"wp:featuredmedia":[{"embeddable":true,"href":"https:\/\/radiostudiow.com.br\/site\/wp-json\/wp\/v2\/media\/40768"}],"wp:attachment":[{"href":"https:\/\/radiostudiow.com.br\/site\/wp-json\/wp\/v2\/media?parent=40767"}],"wp:term":[{"taxonomy":"category","embeddable":true,"href":"https:\/\/radiostudiow.com.br\/site\/wp-json\/wp\/v2\/categories?post=40767"},{"taxonomy":"post_tag","embeddable":true,"href":"https:\/\/radiostudiow.com.br\/site\/wp-json\/wp\/v2\/tags?post=40767"}],"curies":[{"name":"wp","href":"https:\/\/api.w.org\/{rel}","templated":true}]}}