{"id":40792,"date":"2025-07-31T14:33:26","date_gmt":"2025-07-31T17:33:26","guid":{"rendered":"https:\/\/radiostudiow.com.br\/site\/?p=40792"},"modified":"2025-07-31T14:42:29","modified_gmt":"2025-07-31T17:42:29","slug":"aviso-a-comunidade-ucraniana-da-paroquia-sagrado-coracao-de-jesus-mallet-pr","status":"publish","type":"post","link":"https:\/\/radiostudiow.com.br\/site\/2025\/07\/31\/aviso-a-comunidade-ucraniana-da-paroquia-sagrado-coracao-de-jesus-mallet-pr\/","title":{"rendered":"Aviso \u00e0 Comunidade Ucraniana da Par\u00f3quia Sagrado Cora\u00e7\u00e3o de Jesus \u2013 Mallet  PR"},"content":{"rendered":"\n<figure class=\"wp-block-image size-full\"><img loading=\"lazy\" decoding=\"async\" width=\"897\" height=\"204\" src=\"https:\/\/radiostudiow.com.br\/site\/wp-content\/uploads\/2025\/06\/BARROS.png\" alt=\"\" class=\"wp-image-39575\" srcset=\"https:\/\/radiostudiow.com.br\/site\/wp-content\/uploads\/2025\/06\/BARROS.png 897w, https:\/\/radiostudiow.com.br\/site\/wp-content\/uploads\/2025\/06\/BARROS-300x68.png 300w, https:\/\/radiostudiow.com.br\/site\/wp-content\/uploads\/2025\/06\/BARROS-768x175.png 768w\" sizes=\"auto, (max-width: 897px) 100vw, 897px\" \/><\/figure>\n\n\n\n<p><\/p>\n\n\n\n<h2 class=\"wp-block-heading\"><strong>\u2757 E Aten\u00e7\u00e3o para o Domingo dia 03 de Agosto. N\u00e3o haver\u00e1 Divina Liturgia na Matriz<\/strong><\/h2>\n\n\n\n<p><\/p>\n\n\n\n<p>A Par\u00f3quia Ucraniana Cat\u00f3lica do Sagrado Cora\u00e7\u00e3o de Jesus convida todos os fi\u00e9is a participarem das celebra\u00e7\u00f5es deste final de  semana, conforme a programa\u00e7\u00e3o especial:<\/p>\n\n\n\n<p style=\"font-size:33px\"><strong>\ud83d\udcc5 Sexta-feira \u2013 1\u00ba de agosto<\/strong><\/p>\n\n\n\n<p><br><strong>\ud83d\udd57 8h \u2013 Visita aos idosos e enfermos em Mallet (Pe. Daniel) e em Rio Azul (Pe. Michael).<br>\ud83d\udd55 18h40 \u2013 Confiss\u00e3o na Matriz<br>\ud83d\udd56 19h \u2013 Adora\u00e7\u00e3o ao Sant\u00edssimo (<em>Suplikatzia<\/em>), seguida de <em>Divina Liturgia<\/em> e Novena ao Sagrado Cora\u00e7\u00e3o de Jesus.<\/strong><\/p>\n\n\n\n<p style=\"font-size:33px\"><strong>\ud83d\udcc5 S\u00e1bado \u2013 2 de agosto<\/strong><\/p>\n\n\n\n<p><br><strong>\ud83d\udd51 14h30 \u2013 Reuni\u00e3o do Apostolado em Santa Cruz<br>\ud83d\udd52 15h \u2013 <em>Divina Liturgia<\/em> com b\u00ean\u00e7\u00e3o de flores, frutos e sementes em Santa Cruz<br>\ud83d\udd54 17h \u2013 <em>Divina Liturgia<\/em> em Rio Azul<br>\ud83d\udd62 19h \u2013 <em>Divina Liturgia<\/em> em portugu\u00eas na Matriz<\/strong><\/p>\n\n\n\n<p style=\"font-size:33px\"><strong>\ud83d\udcc5 Domingo \u2013 3 de agosto<\/strong><\/p>\n\n\n\n<h2 class=\"wp-block-heading\"><strong>\ud83d\udd4a\ufe0fATEN\u00c7\u00c3O\ud83d\udd4a\ufe0f<\/strong><br>\u2757 <strong>N\u00e3o haver\u00e1 Divina Liturgia na Matriz<\/strong><br>\ud83d\udd58 9h \u2013 Lajeado: Chegada e b\u00ean\u00e7\u00e3o da Cavalgada<br>\ud83d\udd59 10h \u2013 <em>Divina Liturgia com Grande Festa<\/em> em Lajeado<\/h2>\n\n\n\n<p><\/p>\n\n\n\n<p style=\"font-size:25px\"><strong>\ud83d\ude4f Participe com f\u00e9 e devo\u00e7\u00e3o! Aben\u00e7oado final de semana a todos!<\/strong><\/p>\n\n\n\n<figure class=\"wp-block-gallery has-nested-images columns-default is-cropped wp-block-gallery-1 is-layout-flex wp-block-gallery-is-layout-flex\">\n<figure class=\"wp-block-image size-large\"><img loading=\"lazy\" decoding=\"async\" width=\"300\" height=\"180\" data-id=\"38014\" src=\"https:\/\/radiostudiow.com.br\/site\/wp-content\/uploads\/2025\/05\/VANE.png\" alt=\"\" class=\"wp-image-38014\"\/><\/figure>\n\n\n\n<figure class=\"wp-block-image size-large\"><img loading=\"lazy\" decoding=\"async\" width=\"1024\" height=\"614\" data-id=\"38784\" src=\"https:\/\/radiostudiow.com.br\/site\/wp-content\/uploads\/2025\/05\/5914fcac-c2b4-4795-a120-dc162c4a6466-1024x614.jpg\" alt=\"\" class=\"wp-image-38784\" srcset=\"https:\/\/radiostudiow.com.br\/site\/wp-content\/uploads\/2025\/05\/5914fcac-c2b4-4795-a120-dc162c4a6466-1024x614.jpg 1024w, https:\/\/radiostudiow.com.br\/site\/wp-content\/uploads\/2025\/05\/5914fcac-c2b4-4795-a120-dc162c4a6466-300x180.jpg 300w, https:\/\/radiostudiow.com.br\/site\/wp-content\/uploads\/2025\/05\/5914fcac-c2b4-4795-a120-dc162c4a6466-768x460.jpg 768w, https:\/\/radiostudiow.com.br\/site\/wp-content\/uploads\/2025\/05\/5914fcac-c2b4-4795-a120-dc162c4a6466-1536x921.jpg 1536w, https:\/\/radiostudiow.com.br\/site\/wp-content\/uploads\/2025\/05\/5914fcac-c2b4-4795-a120-dc162c4a6466-1000x600.jpg 1000w, https:\/\/radiostudiow.com.br\/site\/wp-content\/uploads\/2025\/05\/5914fcac-c2b4-4795-a120-dc162c4a6466-590x354.jpg 590w, https:\/\/radiostudiow.com.br\/site\/wp-content\/uploads\/2025\/05\/5914fcac-c2b4-4795-a120-dc162c4a6466-400x240.jpg 400w, https:\/\/radiostudiow.com.br\/site\/wp-content\/uploads\/2025\/05\/5914fcac-c2b4-4795-a120-dc162c4a6466.jpg 1600w\" sizes=\"auto, (max-width: 1024px) 100vw, 1024px\" \/><\/figure>\n<\/figure>\n","protected":false},"excerpt":{"rendered":"<p>\u2757 E Aten\u00e7\u00e3o para o Domingo dia 03 de Agosto. N\u00e3o haver\u00e1 Divina Liturgia na Matriz A Par\u00f3quia Ucraniana Cat\u00f3lica do Sagrado Cora\u00e7\u00e3o de Jesus convida todos os fi\u00e9is a participarem das celebra\u00e7\u00f5es deste final de semana, conforme a programa\u00e7\u00e3o especial: \ud83d\udcc5 Sexta-feira \u2013 1\u00ba de agosto \ud83d\udd57 8h \u2013 Visita aos idosos e enfermos [&hellip;]<\/p>\n","protected":false},"author":2,"featured_media":40793,"comment_status":"open","ping_status":"open","sticky":false,"template":"","format":"standard","meta":{"footnotes":""},"categories":[184],"tags":[172],"class_list":["post-40792","post","type-post","status-publish","format-standard","has-post-thumbnail","hentry","category-local","tag-featured"],"amp_enabled":true,"_links":{"self":[{"href":"https:\/\/radiostudiow.com.br\/site\/wp-json\/wp\/v2\/posts\/40792","targetHints":{"allow":["GET"]}}],"collection":[{"href":"https:\/\/radiostudiow.com.br\/site\/wp-json\/wp\/v2\/posts"}],"about":[{"href":"https:\/\/radiostudiow.com.br\/site\/wp-json\/wp\/v2\/types\/post"}],"author":[{"embeddable":true,"href":"https:\/\/radiostudiow.com.br\/site\/wp-json\/wp\/v2\/users\/2"}],"replies":[{"embeddable":true,"href":"https:\/\/radiostudiow.com.br\/site\/wp-json\/wp\/v2\/comments?post=40792"}],"version-history":[{"count":4,"href":"https:\/\/radiostudiow.com.br\/site\/wp-json\/wp\/v2\/posts\/40792\/revisions"}],"predecessor-version":[{"id":40799,"href":"https:\/\/radiostudiow.com.br\/site\/wp-json\/wp\/v2\/posts\/40792\/revisions\/40799"}],"wp:featuredmedia":[{"embeddable":true,"href":"https:\/\/radiostudiow.com.br\/site\/wp-json\/wp\/v2\/media\/40793"}],"wp:attachment":[{"href":"https:\/\/radiostudiow.com.br\/site\/wp-json\/wp\/v2\/media?parent=40792"}],"wp:term":[{"taxonomy":"category","embeddable":true,"href":"https:\/\/radiostudiow.com.br\/site\/wp-json\/wp\/v2\/categories?post=40792"},{"taxonomy":"post_tag","embeddable":true,"href":"https:\/\/radiostudiow.com.br\/site\/wp-json\/wp\/v2\/tags?post=40792"}],"curies":[{"name":"wp","href":"https:\/\/api.w.org\/{rel}","templated":true}]}}