{"id":4086,"date":"2021-10-20T10:02:55","date_gmt":"2021-10-20T13:02:55","guid":{"rendered":"https:\/\/radiostudiow.com.br\/site\/?p=4086"},"modified":"2025-01-31T15:12:25","modified_gmt":"2025-01-31T18:12:25","slug":"homem-procura-policia-de-paulo-frontin-para-denunciar-furto-de-seu-veiculo","status":"publish","type":"post","link":"https:\/\/radiostudiow.com.br\/site\/2021\/10\/20\/homem-procura-policia-de-paulo-frontin-para-denunciar-furto-de-seu-veiculo\/","title":{"rendered":"Homem procura Pol\u00edcia de Paulo Frontin para denunciar furto de seu ve\u00edculo"},"content":{"rendered":"\n<p>A Pol\u00edcia Militar da cidade de Paulo Frontin recebeu no destacamento policial, um morador que denunciou o furto de seu ve\u00edculo, ocorrido durante o per\u00edodo noturno dessa ter\u00e7a-feira (19).<\/p>\n\n\n\n<p>De acordo com informa\u00e7\u00f5es divulgadas no relat\u00f3rio policial, o ve\u00edculo se trata de uma pick up\/Corsa de cor amarela, a qual foi furtada da frente da resid\u00eancia, na rua Ladislau Kmita.<\/p>\n\n\n\n<p>A v\u00edtima relatou que o ve\u00edculo se encontrava aberto no momento do furto, por\u00e9m, estava sem as chaves. O morador tamb\u00e9m relatou n\u00e3o ter c\u00e2meras de seguran\u00e7a e n\u00e3o ter suspeitos do crime. Ele foi orientado e a Pol\u00edcia iniciou as buscas para localizar o carro.<\/p>\n\n\n\n<figure class=\"wp-block-image size-full\"><img decoding=\"async\" src=\"https:\/\/radiostudiow.com.br\/site\/wp-content\/uploads\/2021\/08\/vem_ai-1.jpg\" alt=\"\" class=\"wp-image-3387\"\/><\/figure>\n","protected":false},"excerpt":{"rendered":"<p>A Pol\u00edcia Militar da cidade de Paulo Frontin recebeu no destacamento policial, um morador que denunciou o furto de seu ve\u00edculo, ocorrido durante o per\u00edodo noturno dessa ter\u00e7a-feira (19). De acordo com informa\u00e7\u00f5es divulgadas no relat\u00f3rio policial, o ve\u00edculo se trata de uma pick up\/Corsa de cor amarela, a qual foi furtada da frente da [&hellip;]<\/p>\n","protected":false},"author":2,"featured_media":0,"comment_status":"open","ping_status":"open","sticky":false,"template":"","format":"standard","meta":{"footnotes":""},"categories":[2],"tags":[172],"class_list":["post-4086","post","type-post","status-publish","format-standard","hentry","category-policial","tag-featured"],"amp_enabled":true,"_links":{"self":[{"href":"https:\/\/radiostudiow.com.br\/site\/wp-json\/wp\/v2\/posts\/4086","targetHints":{"allow":["GET"]}}],"collection":[{"href":"https:\/\/radiostudiow.com.br\/site\/wp-json\/wp\/v2\/posts"}],"about":[{"href":"https:\/\/radiostudiow.com.br\/site\/wp-json\/wp\/v2\/types\/post"}],"author":[{"embeddable":true,"href":"https:\/\/radiostudiow.com.br\/site\/wp-json\/wp\/v2\/users\/2"}],"replies":[{"embeddable":true,"href":"https:\/\/radiostudiow.com.br\/site\/wp-json\/wp\/v2\/comments?post=4086"}],"version-history":[{"count":2,"href":"https:\/\/radiostudiow.com.br\/site\/wp-json\/wp\/v2\/posts\/4086\/revisions"}],"predecessor-version":[{"id":4090,"href":"https:\/\/radiostudiow.com.br\/site\/wp-json\/wp\/v2\/posts\/4086\/revisions\/4090"}],"wp:attachment":[{"href":"https:\/\/radiostudiow.com.br\/site\/wp-json\/wp\/v2\/media?parent=4086"}],"wp:term":[{"taxonomy":"category","embeddable":true,"href":"https:\/\/radiostudiow.com.br\/site\/wp-json\/wp\/v2\/categories?post=4086"},{"taxonomy":"post_tag","embeddable":true,"href":"https:\/\/radiostudiow.com.br\/site\/wp-json\/wp\/v2\/tags?post=4086"}],"curies":[{"name":"wp","href":"https:\/\/api.w.org\/{rel}","templated":true}]}}