{"id":4091,"date":"2021-10-20T15:37:29","date_gmt":"2021-10-20T18:37:29","guid":{"rendered":"https:\/\/radiostudiow.com.br\/site\/?p=4091"},"modified":"2025-01-31T15:12:25","modified_gmt":"2025-01-31T18:12:25","slug":"mulher-e-vitima-de-furto-em-cruz-machado-2","status":"publish","type":"post","link":"https:\/\/radiostudiow.com.br\/site\/2021\/10\/20\/mulher-e-vitima-de-furto-em-cruz-machado-2\/","title":{"rendered":"Mulher \u00e9 v\u00edtima de furto em Cruz Machado"},"content":{"rendered":"\n<p>Uma senhora compareceu ao Pelot\u00e3o da Pol\u00edcia Militar de Cruz Machado informando que sua filha foi v\u00edtima de furto simples nessa segunda &#8211; feira (11).<\/p>\n\n\n\n<p>De acordo com a solicitante, furtaram o seu cart\u00e3o do beneficio do Bolsa Fam\u00edlia e o documento de Identidade.<\/p>\n\n\n\n<p>Diante da situa\u00e7\u00e3o a equipe policial orientou a v\u00edtima quantos aos procedimentos cab\u00edveis.<\/p>\n\n\n\n<figure class=\"wp-block-image size-full\"><img decoding=\"async\" src=\"https:\/\/radiostudiow.com.br\/site\/wp-content\/uploads\/2021\/08\/SEPAC.jpg\" alt=\"\" class=\"wp-image-3347\"\/><\/figure>\n","protected":false},"excerpt":{"rendered":"<p>Uma senhora compareceu ao Pelot\u00e3o da Pol\u00edcia Militar de Cruz Machado informando que sua filha foi v\u00edtima de furto simples nessa segunda &#8211; feira (11). De acordo com a solicitante, furtaram o seu cart\u00e3o do beneficio do Bolsa Fam\u00edlia e o documento de Identidade. Diante da situa\u00e7\u00e3o a equipe policial orientou a v\u00edtima quantos aos [&hellip;]<\/p>\n","protected":false},"author":2,"featured_media":0,"comment_status":"open","ping_status":"open","sticky":false,"template":"","format":"standard","meta":{"footnotes":""},"categories":[2],"tags":[172],"class_list":["post-4091","post","type-post","status-publish","format-standard","hentry","category-policial","tag-featured"],"amp_enabled":true,"_links":{"self":[{"href":"https:\/\/radiostudiow.com.br\/site\/wp-json\/wp\/v2\/posts\/4091","targetHints":{"allow":["GET"]}}],"collection":[{"href":"https:\/\/radiostudiow.com.br\/site\/wp-json\/wp\/v2\/posts"}],"about":[{"href":"https:\/\/radiostudiow.com.br\/site\/wp-json\/wp\/v2\/types\/post"}],"author":[{"embeddable":true,"href":"https:\/\/radiostudiow.com.br\/site\/wp-json\/wp\/v2\/users\/2"}],"replies":[{"embeddable":true,"href":"https:\/\/radiostudiow.com.br\/site\/wp-json\/wp\/v2\/comments?post=4091"}],"version-history":[{"count":1,"href":"https:\/\/radiostudiow.com.br\/site\/wp-json\/wp\/v2\/posts\/4091\/revisions"}],"predecessor-version":[{"id":4092,"href":"https:\/\/radiostudiow.com.br\/site\/wp-json\/wp\/v2\/posts\/4091\/revisions\/4092"}],"wp:attachment":[{"href":"https:\/\/radiostudiow.com.br\/site\/wp-json\/wp\/v2\/media?parent=4091"}],"wp:term":[{"taxonomy":"category","embeddable":true,"href":"https:\/\/radiostudiow.com.br\/site\/wp-json\/wp\/v2\/categories?post=4091"},{"taxonomy":"post_tag","embeddable":true,"href":"https:\/\/radiostudiow.com.br\/site\/wp-json\/wp\/v2\/tags?post=4091"}],"curies":[{"name":"wp","href":"https:\/\/api.w.org\/{rel}","templated":true}]}}