{"id":40915,"date":"2025-08-04T11:03:23","date_gmt":"2025-08-04T14:03:23","guid":{"rendered":"https:\/\/radiostudiow.com.br\/site\/?p=40915"},"modified":"2025-08-04T11:03:23","modified_gmt":"2025-08-04T14:03:23","slug":"policia-militar-prende-homem-por-violencia-domestica-em-general-carneiro","status":"publish","type":"post","link":"https:\/\/radiostudiow.com.br\/site\/2025\/08\/04\/policia-militar-prende-homem-por-violencia-domestica-em-general-carneiro\/","title":{"rendered":"Pol\u00edcia Militar prende homem por viol\u00eancia dom\u00e9stica em General Carneiro"},"content":{"rendered":"\n<figure class=\"wp-block-image size-full\"><img loading=\"lazy\" decoding=\"async\" width=\"598\" height=\"204\" src=\"https:\/\/radiostudiow.com.br\/site\/wp-content\/uploads\/2024\/01\/SITE-MEDIO.png\" alt=\"\" class=\"wp-image-18916\" srcset=\"https:\/\/radiostudiow.com.br\/site\/wp-content\/uploads\/2024\/01\/SITE-MEDIO.png 598w, https:\/\/radiostudiow.com.br\/site\/wp-content\/uploads\/2024\/01\/SITE-MEDIO-300x102.png 300w\" sizes=\"auto, (max-width: 598px) 100vw, 598px\" \/><\/figure>\n\n\n\n<p>A equipe da RPA pela Pol\u00edcia Militar de General Carneiro foi acionada para prestar atendimento de situa\u00e7\u00e3o de viol\u00eancia dom\u00e9stica por volta das 22h12min desse domingo (03).<\/p>\n\n\n\n<p>Os policiais se deslocaram at\u00e9 o local no bairro S\u00e3o Jo\u00e3o, onde a v\u00edtima relatou que houve um desentendimento com seu convivente, e que este teria tentado utilizar uma faca para lhe agredir, mas foi contido por outros familiares que estavam no local.<\/p>\n\n\n\n<p>Ap\u00f3s dilig\u00eancias foi preso o autor e entregue na delegacia de Pol\u00edcia Civil de Uni\u00e3o da Vit\u00f3ria.<\/p>\n","protected":false},"excerpt":{"rendered":"<p>A equipe da RPA pela Pol\u00edcia Militar de General Carneiro foi acionada para prestar atendimento de situa\u00e7\u00e3o de viol\u00eancia dom\u00e9stica por volta das 22h12min desse domingo (03). Os policiais se deslocaram at\u00e9 o local no bairro S\u00e3o Jo\u00e3o, onde a v\u00edtima relatou que houve um desentendimento com seu convivente, e que este teria tentado utilizar [&hellip;]<\/p>\n","protected":false},"author":2,"featured_media":32845,"comment_status":"open","ping_status":"open","sticky":false,"template":"","format":"standard","meta":{"footnotes":""},"categories":[2],"tags":[172],"class_list":["post-40915","post","type-post","status-publish","format-standard","has-post-thumbnail","hentry","category-policial","tag-featured"],"amp_enabled":true,"_links":{"self":[{"href":"https:\/\/radiostudiow.com.br\/site\/wp-json\/wp\/v2\/posts\/40915","targetHints":{"allow":["GET"]}}],"collection":[{"href":"https:\/\/radiostudiow.com.br\/site\/wp-json\/wp\/v2\/posts"}],"about":[{"href":"https:\/\/radiostudiow.com.br\/site\/wp-json\/wp\/v2\/types\/post"}],"author":[{"embeddable":true,"href":"https:\/\/radiostudiow.com.br\/site\/wp-json\/wp\/v2\/users\/2"}],"replies":[{"embeddable":true,"href":"https:\/\/radiostudiow.com.br\/site\/wp-json\/wp\/v2\/comments?post=40915"}],"version-history":[{"count":1,"href":"https:\/\/radiostudiow.com.br\/site\/wp-json\/wp\/v2\/posts\/40915\/revisions"}],"predecessor-version":[{"id":40916,"href":"https:\/\/radiostudiow.com.br\/site\/wp-json\/wp\/v2\/posts\/40915\/revisions\/40916"}],"wp:featuredmedia":[{"embeddable":true,"href":"https:\/\/radiostudiow.com.br\/site\/wp-json\/wp\/v2\/media\/32845"}],"wp:attachment":[{"href":"https:\/\/radiostudiow.com.br\/site\/wp-json\/wp\/v2\/media?parent=40915"}],"wp:term":[{"taxonomy":"category","embeddable":true,"href":"https:\/\/radiostudiow.com.br\/site\/wp-json\/wp\/v2\/categories?post=40915"},{"taxonomy":"post_tag","embeddable":true,"href":"https:\/\/radiostudiow.com.br\/site\/wp-json\/wp\/v2\/tags?post=40915"}],"curies":[{"name":"wp","href":"https:\/\/api.w.org\/{rel}","templated":true}]}}