{"id":41008,"date":"2025-08-05T21:55:42","date_gmt":"2025-08-06T00:55:42","guid":{"rendered":"https:\/\/radiostudiow.com.br\/site\/?p=41008"},"modified":"2025-08-05T21:55:42","modified_gmt":"2025-08-06T00:55:42","slug":"apos-um-mes-de-recesso-vereadores-de-mallet-retomam-as-sessoes-ordinarias-de-2025","status":"publish","type":"post","link":"https:\/\/radiostudiow.com.br\/site\/2025\/08\/05\/apos-um-mes-de-recesso-vereadores-de-mallet-retomam-as-sessoes-ordinarias-de-2025\/","title":{"rendered":"Ap\u00f3s um m\u00eas de recesso, Vereadores de Mallet retomam as sess\u00f5es ordin\u00e1rias de 2025"},"content":{"rendered":"\n<figure class=\"wp-block-image size-full\"><img loading=\"lazy\" decoding=\"async\" width=\"598\" height=\"204\" src=\"https:\/\/radiostudiow.com.br\/site\/wp-content\/uploads\/2025\/04\/BOROX.png\" alt=\"\" class=\"wp-image-37229\" srcset=\"https:\/\/radiostudiow.com.br\/site\/wp-content\/uploads\/2025\/04\/BOROX.png 598w, https:\/\/radiostudiow.com.br\/site\/wp-content\/uploads\/2025\/04\/BOROX-300x102.png 300w\" sizes=\"auto, (max-width: 598px) 100vw, 598px\" \/><\/figure>\n\n\n\n<p><\/p>\n\n\n\n<p class=\"has-medium-font-size\">Na noite desta segunda-feira, 4 de agosto, a C\u00e2mara Municipal de Mallet retomou oficialmente suas atividades legislativas com a realiza\u00e7\u00e3o da 22\u00aa Sess\u00e3o Ordin\u00e1ria de 2025. A reuni\u00e3o aconteceu \u00e0s 19 horas nas depend\u00eancias do Pal\u00e1cio 21 de Setembro <strong>e marcou o fim do recesso de meio de ano, que durou pouco mais de 30 dias.<\/strong><\/p>\n\n\n\n<p style=\"font-size:26px\"><strong>A \u00faltima sess\u00e3o ordin\u00e1ria antes da pausa havia sido realizada no dia 30 de junho, e desde ent\u00e3o, os vereadores n\u00e3o se reuniram em plen\u00e1rio. O retorno, portanto, j\u00e1 era aguardado para que a popula\u00e7\u00e3o possa acompanhar de perto os trabalhos do Legislativo.<\/strong><\/p>\n\n\n\n<figure class=\"wp-block-image size-full\"><img loading=\"lazy\" decoding=\"async\" width=\"897\" height=\"204\" src=\"https:\/\/radiostudiow.com.br\/site\/wp-content\/uploads\/2025\/05\/NUTRI-MALLET.png\" alt=\"\" class=\"wp-image-37813\" srcset=\"https:\/\/radiostudiow.com.br\/site\/wp-content\/uploads\/2025\/05\/NUTRI-MALLET.png 897w, https:\/\/radiostudiow.com.br\/site\/wp-content\/uploads\/2025\/05\/NUTRI-MALLET-300x68.png 300w, https:\/\/radiostudiow.com.br\/site\/wp-content\/uploads\/2025\/05\/NUTRI-MALLET-768x175.png 768w\" sizes=\"auto, (max-width: 897px) 100vw, 897px\" \/><\/figure>\n\n\n\n<p><\/p>\n\n\n\n<p class=\"has-medium-font-size\">Apesar do longo intervalo sem sess\u00f5es, a pauta da 22\u00aa Sess\u00e3o foi considerada enxuta. Os vereadores votaram apenas tr\u00eas requerimentos direcionados ao Poder Executivo. Dois deles foram apresentados pelo vereador Jossoel Nicolaico (PSD), enquanto o terceiro foi protocolado pelo vereador Serjo Gryczak (Podemos). Nenhum projeto de lei \u2014 seja do Executivo ou do pr\u00f3prio Legislativo \u2014 constava na ordem do dia, e com isso, os trabalhos seguiram diretamente para as considera\u00e7\u00f5es finais dos parlamentares.<\/p>\n\n\n\n<p>A C\u00e2mara Municipal refor\u00e7a que as sess\u00f5es s\u00e3o p\u00fablicas e transmitidas ao vivo, permitindo que a popula\u00e7\u00e3o acompanhe o desempenho e o comprometimento dos vereadores com as demandas do munic\u00edpio. A grava\u00e7\u00e3o da 22\u00aa Sess\u00e3o Ordin\u00e1ria j\u00e1 est\u00e1 dispon\u00edvel no canal oficial da C\u00e2mara no YouTube: @camaramallet4600.<\/p>\n\n\n\n<figure class=\"wp-block-gallery has-nested-images columns-default is-cropped wp-block-gallery-1 is-layout-flex wp-block-gallery-is-layout-flex\">\n<figure class=\"wp-block-image size-large\"><img loading=\"lazy\" decoding=\"async\" width=\"300\" height=\"180\" data-id=\"37992\" src=\"https:\/\/radiostudiow.com.br\/site\/wp-content\/uploads\/2025\/05\/Avenida-BIKE.jpg\" alt=\"\" class=\"wp-image-37992\"\/><\/figure>\n\n\n\n<figure class=\"wp-block-image size-large\"><img loading=\"lazy\" decoding=\"async\" width=\"300\" height=\"180\" data-id=\"37219\" src=\"https:\/\/radiostudiow.com.br\/site\/wp-content\/uploads\/2025\/04\/AGRODU.png\" alt=\"\" class=\"wp-image-37219\"\/><\/figure>\n<\/figure>\n\n\n\n<p><\/p>\n\n\n\n<p style=\"font-size:25px\"><strong>A expectativa \u00e9 de que, nas pr\u00f3ximas sess\u00f5es, os parlamentares intensifiquem as discuss\u00f5es e propostas, j\u00e1 que no primeiro semestre foi marcado de muitas viagens e quem sabe retomando o ritmo normal de atividades legislativas para o segundo semestre de 2025.<\/strong><\/p>\n\n\n\n<h2 class=\"wp-block-heading\"><strong>Informa\u00e7\u00f5es do Site da C\u00e2mara de Vereadores de Mallet &#8211; Reda\u00e7\u00e3o do W Not\u00edcias<\/strong><\/h2>\n\n\n\n<p><\/p>\n","protected":false},"excerpt":{"rendered":"<p>Na noite desta segunda-feira, 4 de agosto, a C\u00e2mara Municipal de Mallet retomou oficialmente suas atividades legislativas com a realiza\u00e7\u00e3o da 22\u00aa Sess\u00e3o Ordin\u00e1ria de 2025. A reuni\u00e3o aconteceu \u00e0s 19 horas nas depend\u00eancias do Pal\u00e1cio 21 de Setembro e marcou o fim do recesso de meio de ano, que durou pouco mais de 30 [&hellip;]<\/p>\n","protected":false},"author":2,"featured_media":41009,"comment_status":"open","ping_status":"open","sticky":false,"template":"","format":"standard","meta":{"footnotes":""},"categories":[184],"tags":[172],"class_list":["post-41008","post","type-post","status-publish","format-standard","has-post-thumbnail","hentry","category-local","tag-featured"],"amp_enabled":true,"_links":{"self":[{"href":"https:\/\/radiostudiow.com.br\/site\/wp-json\/wp\/v2\/posts\/41008","targetHints":{"allow":["GET"]}}],"collection":[{"href":"https:\/\/radiostudiow.com.br\/site\/wp-json\/wp\/v2\/posts"}],"about":[{"href":"https:\/\/radiostudiow.com.br\/site\/wp-json\/wp\/v2\/types\/post"}],"author":[{"embeddable":true,"href":"https:\/\/radiostudiow.com.br\/site\/wp-json\/wp\/v2\/users\/2"}],"replies":[{"embeddable":true,"href":"https:\/\/radiostudiow.com.br\/site\/wp-json\/wp\/v2\/comments?post=41008"}],"version-history":[{"count":1,"href":"https:\/\/radiostudiow.com.br\/site\/wp-json\/wp\/v2\/posts\/41008\/revisions"}],"predecessor-version":[{"id":41010,"href":"https:\/\/radiostudiow.com.br\/site\/wp-json\/wp\/v2\/posts\/41008\/revisions\/41010"}],"wp:featuredmedia":[{"embeddable":true,"href":"https:\/\/radiostudiow.com.br\/site\/wp-json\/wp\/v2\/media\/41009"}],"wp:attachment":[{"href":"https:\/\/radiostudiow.com.br\/site\/wp-json\/wp\/v2\/media?parent=41008"}],"wp:term":[{"taxonomy":"category","embeddable":true,"href":"https:\/\/radiostudiow.com.br\/site\/wp-json\/wp\/v2\/categories?post=41008"},{"taxonomy":"post_tag","embeddable":true,"href":"https:\/\/radiostudiow.com.br\/site\/wp-json\/wp\/v2\/tags?post=41008"}],"curies":[{"name":"wp","href":"https:\/\/api.w.org\/{rel}","templated":true}]}}