{"id":41011,"date":"2025-08-06T10:13:21","date_gmt":"2025-08-06T13:13:21","guid":{"rendered":"https:\/\/radiostudiow.com.br\/site\/?p=41011"},"modified":"2025-08-06T10:13:22","modified_gmt":"2025-08-06T13:13:22","slug":"agenda-de-celebracoes-paroquia-ucraniana-catolica-do-sagrado-coracao-de-jesus-mallet","status":"publish","type":"post","link":"https:\/\/radiostudiow.com.br\/site\/2025\/08\/06\/agenda-de-celebracoes-paroquia-ucraniana-catolica-do-sagrado-coracao-de-jesus-mallet\/","title":{"rendered":"AGENDA DE CELEBRA\u00c7\u00d5ES \u2013 PAR\u00d3QUIA UCRANIANA CAT\u00d3LICA DO SAGRADO CORA\u00c7\u00c3O DE JESUS &#8211; MALLET"},"content":{"rendered":"\n<figure class=\"wp-block-image size-full\"><img loading=\"lazy\" decoding=\"async\" width=\"897\" height=\"204\" src=\"https:\/\/radiostudiow.com.br\/site\/wp-content\/uploads\/2025\/06\/BARROS.png\" alt=\"\" class=\"wp-image-39575\" srcset=\"https:\/\/radiostudiow.com.br\/site\/wp-content\/uploads\/2025\/06\/BARROS.png 897w, https:\/\/radiostudiow.com.br\/site\/wp-content\/uploads\/2025\/06\/BARROS-300x68.png 300w, https:\/\/radiostudiow.com.br\/site\/wp-content\/uploads\/2025\/06\/BARROS-768x175.png 768w\" sizes=\"auto, (max-width: 897px) 100vw, 897px\" \/><\/figure>\n\n\n\n<p style=\"font-size:30px\">Participe das celebra\u00e7\u00f5es especiais desta semana e receba a b\u00ean\u00e7\u00e3o das sementes, frutos e flores!<\/p>\n\n\n\n<p class=\"has-medium-font-size\"><strong>\ud83d\udcc5 QUARTA-FEIRA \u2013 06 de agosto<\/strong><br>\ud83d\ude4f<strong>Dia Santo \u2013 Transfigura\u00e7\u00e3o do Senhor<\/strong><br>\ud83d\udd56 19h \u2013 <strong>Matriz<\/strong>: Divina Liturgia com b\u00ean\u00e7\u00e3o de sementes, frutas e flores.<\/p>\n\n\n\n<p class=\"has-medium-font-size\"> <strong>\ud83d\udcc5 SEXTA-FEIRA \u2013 08 de agosto<\/strong><br>\ud83d\udd56 19h \u2013 <strong>Capela do Semin\u00e1rio<\/strong>: Divina Liturgia<\/p>\n\n\n\n<p class=\"has-medium-font-size\"><strong>\ud83d\udcc5 S\u00c1BADO \u2013 09 de agosto<\/strong><br>\ud83d\udd58 09h \u2013 <strong>Vera Cruz<\/strong>: Divina Liturgia com b\u00ean\u00e7\u00e3o de flores, frutos e sementes.<br>\ud83d\udd56 19h \u2013 <strong>Rio Azul<\/strong>: Divina Liturgia com b\u00ean\u00e7\u00e3o de frutos e sementes.<br>\ud83d\udd56 19h \u2013 <strong>Matriz<\/strong>: Divina Liturgia em portugu\u00eas com b\u00ean\u00e7\u00e3o de flores, frutos e sementes.<\/p>\n\n\n\n<p class=\"has-medium-font-size\"><strong>\ud83d\udcc5 DOMINGO \u2013 10 de agosto<\/strong><br>\ud83d\udd57 08h \u2013 <strong>Matriz<\/strong>: Divina Liturgia com b\u00ean\u00e7\u00e3o de sementes, frutos e flores.<br>\ud83d\udd58 09h \u2013 <strong>Cerro Azul<\/strong>: Divina Liturgia com b\u00ean\u00e7\u00e3o de sementes, frutos e flores.<br>\ud83d\udd59 10h \u2013 <strong>Col\u00f4nia 05<\/strong>: Divina Liturgia com b\u00ean\u00e7\u00e3o de sementes, frutos e flores.<\/p>\n\n\n\n<p class=\"has-medium-font-size\"><strong>\ud83c\udf3e\ud83c\udf38\ud83c\udf47 Traga sua f\u00e9, suas sementes, flores e frutos para serem aben\u00e7oados! Toda a comunidade est\u00e1 convidada a viver esses momentos de ora\u00e7\u00e3o e esperan\u00e7a! \ud83d\ude4c\ud83d\ude4f<\/strong><\/p>\n\n\n\n<h2 class=\"wp-block-heading\"><strong>APOIO: STUDIO W<\/strong><\/h2>\n\n\n\n<p><\/p>\n\n\n\n<figure class=\"wp-block-image size-full\"><img loading=\"lazy\" decoding=\"async\" width=\"897\" height=\"204\" src=\"https:\/\/radiostudiow.com.br\/site\/wp-content\/uploads\/2025\/03\/BARAO-NOVO-NOTICIAS-1.jpg\" alt=\"\" class=\"wp-image-35084\" srcset=\"https:\/\/radiostudiow.com.br\/site\/wp-content\/uploads\/2025\/03\/BARAO-NOVO-NOTICIAS-1.jpg 897w, https:\/\/radiostudiow.com.br\/site\/wp-content\/uploads\/2025\/03\/BARAO-NOVO-NOTICIAS-1-300x68.jpg 300w, https:\/\/radiostudiow.com.br\/site\/wp-content\/uploads\/2025\/03\/BARAO-NOVO-NOTICIAS-1-768x175.jpg 768w\" sizes=\"auto, (max-width: 897px) 100vw, 897px\" \/><\/figure>\n","protected":false},"excerpt":{"rendered":"<p>Participe das celebra\u00e7\u00f5es especiais desta semana e receba a b\u00ean\u00e7\u00e3o das sementes, frutos e flores! \ud83d\udcc5 QUARTA-FEIRA \u2013 06 de agosto\ud83d\ude4fDia Santo \u2013 Transfigura\u00e7\u00e3o do Senhor\ud83d\udd56 19h \u2013 Matriz: Divina Liturgia com b\u00ean\u00e7\u00e3o de sementes, frutas e flores. \ud83d\udcc5 SEXTA-FEIRA \u2013 08 de agosto\ud83d\udd56 19h \u2013 Capela do Semin\u00e1rio: Divina Liturgia \ud83d\udcc5 S\u00c1BADO \u2013 09 [&hellip;]<\/p>\n","protected":false},"author":2,"featured_media":41012,"comment_status":"open","ping_status":"open","sticky":false,"template":"","format":"standard","meta":{"footnotes":""},"categories":[1],"tags":[172],"class_list":["post-41011","post","type-post","status-publish","format-standard","has-post-thumbnail","hentry","category-sem_categoria","tag-featured"],"amp_enabled":true,"_links":{"self":[{"href":"https:\/\/radiostudiow.com.br\/site\/wp-json\/wp\/v2\/posts\/41011","targetHints":{"allow":["GET"]}}],"collection":[{"href":"https:\/\/radiostudiow.com.br\/site\/wp-json\/wp\/v2\/posts"}],"about":[{"href":"https:\/\/radiostudiow.com.br\/site\/wp-json\/wp\/v2\/types\/post"}],"author":[{"embeddable":true,"href":"https:\/\/radiostudiow.com.br\/site\/wp-json\/wp\/v2\/users\/2"}],"replies":[{"embeddable":true,"href":"https:\/\/radiostudiow.com.br\/site\/wp-json\/wp\/v2\/comments?post=41011"}],"version-history":[{"count":1,"href":"https:\/\/radiostudiow.com.br\/site\/wp-json\/wp\/v2\/posts\/41011\/revisions"}],"predecessor-version":[{"id":41013,"href":"https:\/\/radiostudiow.com.br\/site\/wp-json\/wp\/v2\/posts\/41011\/revisions\/41013"}],"wp:featuredmedia":[{"embeddable":true,"href":"https:\/\/radiostudiow.com.br\/site\/wp-json\/wp\/v2\/media\/41012"}],"wp:attachment":[{"href":"https:\/\/radiostudiow.com.br\/site\/wp-json\/wp\/v2\/media?parent=41011"}],"wp:term":[{"taxonomy":"category","embeddable":true,"href":"https:\/\/radiostudiow.com.br\/site\/wp-json\/wp\/v2\/categories?post=41011"},{"taxonomy":"post_tag","embeddable":true,"href":"https:\/\/radiostudiow.com.br\/site\/wp-json\/wp\/v2\/tags?post=41011"}],"curies":[{"name":"wp","href":"https:\/\/api.w.org\/{rel}","templated":true}]}}