{"id":41075,"date":"2025-08-07T09:07:12","date_gmt":"2025-08-07T12:07:12","guid":{"rendered":"https:\/\/radiostudiow.com.br\/site\/?p=41075"},"modified":"2025-08-07T11:33:16","modified_gmt":"2025-08-07T14:33:16","slug":"pm-apreende-drogas-e-municoes-durante-operacao-na-localidade-do-lajeadinho-em-mallet","status":"publish","type":"post","link":"https:\/\/radiostudiow.com.br\/site\/2025\/08\/07\/pm-apreende-drogas-e-municoes-durante-operacao-na-localidade-do-lajeadinho-em-mallet\/","title":{"rendered":"PM apreende drogas e muni\u00e7\u00f5es durante opera\u00e7\u00e3o na localidade do Lajeadinho em Mallet"},"content":{"rendered":"\n<figure class=\"wp-block-image size-full\"><img loading=\"lazy\" decoding=\"async\" width=\"897\" height=\"207\" src=\"https:\/\/radiostudiow.com.br\/site\/wp-content\/uploads\/2025\/07\/TIJOLAO.png\" alt=\"\" class=\"wp-image-40184\" srcset=\"https:\/\/radiostudiow.com.br\/site\/wp-content\/uploads\/2025\/07\/TIJOLAO.png 897w, https:\/\/radiostudiow.com.br\/site\/wp-content\/uploads\/2025\/07\/TIJOLAO-300x69.png 300w, https:\/\/radiostudiow.com.br\/site\/wp-content\/uploads\/2025\/07\/TIJOLAO-768x177.png 768w\" sizes=\"auto, (max-width: 897px) 100vw, 897px\" \/><\/figure>\n\n\n\n<p><\/p>\n\n\n\n<p class=\"has-medium-font-size\"><strong>Na noite desta quarta-feira (06), por volta das 20h, a Pol\u00edcia Militar do 3\u00ba Pelot\u00e3o de Mallet realizou uma importante apreens\u00e3o na localidade de Lajeadinho, \u00e1rea rural do munic\u00edpio.<\/strong><\/p>\n\n\n\n<p class=\"has-medium-font-size\">A a\u00e7\u00e3o foi desencadeada ap\u00f3s o recebimento de uma den\u00fancia an\u00f4nima, que indicava poss\u00edvel atividade criminosa em um im\u00f3vel da regi\u00e3o.<br>A equipe policial se deslocou at\u00e9 o endere\u00e7o indicado e realizou buscas em um galp\u00e3o utilizado como resid\u00eancia por um suspeito. Durante a vistoria no interior do im\u00f3vel, mais precisamente no quarto, os policiais encontraram 3,7 gramas de uma subst\u00e2ncia an\u00e1loga \u00e0 coca\u00edna, j\u00e1 fracionada e pronta para a comercializa\u00e7\u00e3o, al\u00e9m de uma balan\u00e7a de precis\u00e3o \u2014 instrumento comumente utilizado para o preparo e pesagem de entorpecentes.<\/p>\n\n\n\n<figure class=\"wp-block-image size-full\"><img loading=\"lazy\" decoding=\"async\" width=\"897\" height=\"204\" src=\"https:\/\/radiostudiow.com.br\/site\/wp-content\/uploads\/2025\/03\/image-62.png\" alt=\"\" class=\"wp-image-35859\" srcset=\"https:\/\/radiostudiow.com.br\/site\/wp-content\/uploads\/2025\/03\/image-62.png 897w, https:\/\/radiostudiow.com.br\/site\/wp-content\/uploads\/2025\/03\/image-62-300x68.png 300w, https:\/\/radiostudiow.com.br\/site\/wp-content\/uploads\/2025\/03\/image-62-768x175.png 768w\" sizes=\"auto, (max-width: 897px) 100vw, 897px\" \/><\/figure>\n\n\n\n<p><\/p>\n\n\n\n<p class=\"has-medium-font-size\"><strong>No local, tamb\u00e9m foram localizadas muni\u00e7\u00f5es calibre 28, totalizando 14 unidades: nove intactas e cinco deflagradas, todas sem qualquer tipo de registro legal.<br>Diante dos fatos, o material foi apreendido e a ocorr\u00eancia encaminhada \u00e0 4\u00aa Sub Divis\u00e3o Policial  de Uni\u00e3o da Vit\u00f3ria para os procedimentos legais cab\u00edveis.<\/strong><\/p>\n\n\n\n<p class=\"has-medium-font-size\"><br>A Pol\u00edcia Militar de Mallet refor\u00e7a a import\u00e2ncia das den\u00fancias an\u00f4nimas, que seguem sendo um instrumento essencial no combate ao crime, principalmente nas regi\u00f5es mais afastadas dos centros urbanos e cita as in\u00fameras pris\u00f5es realizadas e desmanches de pontos de comercializa\u00e7\u00e3o gra\u00e7as a informa\u00e7\u00f5es da popula\u00e7\u00e3o malletense.<\/p>\n\n\n\n<h2 class=\"wp-block-heading\">Fonte: 27\u00ba Batalh\u00e3o de Pol\u00edcia Militar<\/h2>\n\n\n\n<figure class=\"wp-block-gallery has-nested-images columns-default is-cropped wp-block-gallery-1 is-layout-flex wp-block-gallery-is-layout-flex\">\n<figure class=\"wp-block-image size-large\"><img loading=\"lazy\" decoding=\"async\" width=\"300\" height=\"180\" data-id=\"40603\" src=\"https:\/\/radiostudiow.com.br\/site\/wp-content\/uploads\/2025\/07\/nacionalgas.png\" alt=\"\" class=\"wp-image-40603\"\/><\/figure>\n\n\n\n<figure class=\"wp-block-image size-large\"><img loading=\"lazy\" decoding=\"async\" width=\"300\" height=\"180\" data-id=\"37992\" src=\"https:\/\/radiostudiow.com.br\/site\/wp-content\/uploads\/2025\/05\/Avenida-BIKE.jpg\" alt=\"\" class=\"wp-image-37992\"\/><\/figure>\n<\/figure>\n\n\n\n<p><\/p>\n\n\n\n<p><\/p>\n","protected":false},"excerpt":{"rendered":"<p>Na noite desta quarta-feira (06), por volta das 20h, a Pol\u00edcia Militar do 3\u00ba Pelot\u00e3o de Mallet realizou uma importante apreens\u00e3o na localidade de Lajeadinho, \u00e1rea rural do munic\u00edpio. A a\u00e7\u00e3o foi desencadeada ap\u00f3s o recebimento de uma den\u00fancia an\u00f4nima, que indicava poss\u00edvel atividade criminosa em um im\u00f3vel da regi\u00e3o.A equipe policial se deslocou at\u00e9 [&hellip;]<\/p>\n","protected":false},"author":2,"featured_media":41076,"comment_status":"open","ping_status":"open","sticky":false,"template":"","format":"standard","meta":{"footnotes":""},"categories":[184],"tags":[172],"class_list":["post-41075","post","type-post","status-publish","format-standard","has-post-thumbnail","hentry","category-local","tag-featured"],"amp_enabled":true,"_links":{"self":[{"href":"https:\/\/radiostudiow.com.br\/site\/wp-json\/wp\/v2\/posts\/41075","targetHints":{"allow":["GET"]}}],"collection":[{"href":"https:\/\/radiostudiow.com.br\/site\/wp-json\/wp\/v2\/posts"}],"about":[{"href":"https:\/\/radiostudiow.com.br\/site\/wp-json\/wp\/v2\/types\/post"}],"author":[{"embeddable":true,"href":"https:\/\/radiostudiow.com.br\/site\/wp-json\/wp\/v2\/users\/2"}],"replies":[{"embeddable":true,"href":"https:\/\/radiostudiow.com.br\/site\/wp-json\/wp\/v2\/comments?post=41075"}],"version-history":[{"count":2,"href":"https:\/\/radiostudiow.com.br\/site\/wp-json\/wp\/v2\/posts\/41075\/revisions"}],"predecessor-version":[{"id":41094,"href":"https:\/\/radiostudiow.com.br\/site\/wp-json\/wp\/v2\/posts\/41075\/revisions\/41094"}],"wp:featuredmedia":[{"embeddable":true,"href":"https:\/\/radiostudiow.com.br\/site\/wp-json\/wp\/v2\/media\/41076"}],"wp:attachment":[{"href":"https:\/\/radiostudiow.com.br\/site\/wp-json\/wp\/v2\/media?parent=41075"}],"wp:term":[{"taxonomy":"category","embeddable":true,"href":"https:\/\/radiostudiow.com.br\/site\/wp-json\/wp\/v2\/categories?post=41075"},{"taxonomy":"post_tag","embeddable":true,"href":"https:\/\/radiostudiow.com.br\/site\/wp-json\/wp\/v2\/tags?post=41075"}],"curies":[{"name":"wp","href":"https:\/\/api.w.org\/{rel}","templated":true}]}}