{"id":41083,"date":"2025-08-07T10:00:29","date_gmt":"2025-08-07T13:00:29","guid":{"rendered":"https:\/\/radiostudiow.com.br\/site\/?p=41083"},"modified":"2025-08-07T10:00:29","modified_gmt":"2025-08-07T13:00:29","slug":"policia-militar-recupera-carga-furtada-e-prende-4-suspeitos-em-general-carneiro","status":"publish","type":"post","link":"https:\/\/radiostudiow.com.br\/site\/2025\/08\/07\/policia-militar-recupera-carga-furtada-e-prende-4-suspeitos-em-general-carneiro\/","title":{"rendered":"Pol\u00edcia Militar recupera carga furtada e prende 4 suspeitos em General Carneiro"},"content":{"rendered":"\n<figure class=\"wp-block-image size-full\"><img loading=\"lazy\" decoding=\"async\" width=\"897\" height=\"204\" src=\"https:\/\/radiostudiow.com.br\/site\/wp-content\/uploads\/2025\/06\/BARROS.png\" alt=\"\" class=\"wp-image-39575\" srcset=\"https:\/\/radiostudiow.com.br\/site\/wp-content\/uploads\/2025\/06\/BARROS.png 897w, https:\/\/radiostudiow.com.br\/site\/wp-content\/uploads\/2025\/06\/BARROS-300x68.png 300w, https:\/\/radiostudiow.com.br\/site\/wp-content\/uploads\/2025\/06\/BARROS-768x175.png 768w\" sizes=\"auto, (max-width: 897px) 100vw, 897px\" \/><\/figure>\n\n\n\n<p><br>A Pol\u00edcia Militar recuperou uma carga de produtos aliment\u00edcios furtados e prendeu quatro homens no bairro S\u00e3o Miguel em General Carneiro por volta das 21 horas desta quarta-feira (06).\u00a0A a\u00e7\u00e3o foi deflagrada ap\u00f3s uma den\u00fancia an\u00f4nima.<\/p>\n\n\n\n<p>A den\u00fancia informava que produtos de uma carga furtada estariam escondidos em uma resid\u00eancia. Ao chegar ao local, a equipe policial avistou alguns indiv\u00edduos na varanda.<\/p>\n\n\n\n<p>Durante a abordagem, os policiais localizaram um ve\u00edculo com a capota aberta, onde foram encontrados\u00a0produtos aliment\u00edcios semelhantes aos da carga furtada.<\/p>\n\n\n\n<figure class=\"wp-block-image size-full\"><img loading=\"lazy\" decoding=\"async\" width=\"598\" height=\"204\" src=\"https:\/\/radiostudiow.com.br\/site\/wp-content\/uploads\/2025\/05\/BEAZY.jpg.png\" alt=\"\" class=\"wp-image-38197\" srcset=\"https:\/\/radiostudiow.com.br\/site\/wp-content\/uploads\/2025\/05\/BEAZY.jpg.png 598w, https:\/\/radiostudiow.com.br\/site\/wp-content\/uploads\/2025\/05\/BEAZY.jpg-300x102.png 300w\" sizes=\"auto, (max-width: 598px) 100vw, 598px\" \/><\/figure>\n\n\n\n<p>Uma balaclava tamb\u00e9m foi encontrada dentro do carro. No interior da casa, a surpresa:\u00a0v\u00e1rias pe\u00e7as de carne estavam espalhadas pelo piso da sala, cobertas por um cobertor.<\/p>\n\n\n\n<p>Diante dos fatos, todos os envolvidos receberam voz de pris\u00e3o. Eles foram conduzidos e entregues \u00e0 delegacia de Pol\u00edcia Civil, juntamente com o material apreendido, para as provid\u00eancias cab\u00edveis.<\/p>\n\n\n\n<p><a target=\"_blank\" href=\"mailto:?subject=PM%20recupera%20carga%20furtada%20e%20prende%204%20suspeitos%20em%20General%20Carneiro&amp;body=https:\/\/www.vvale.com.br\/seguranca\/pm-recupera-carga-furtada-e-prende-4-suspeitos-em-general-carneiro\/\" rel=\"noreferrer noopener\"><\/a><\/p>\n","protected":false},"excerpt":{"rendered":"<p>A Pol\u00edcia Militar recuperou uma carga de produtos aliment\u00edcios furtados e prendeu quatro homens no bairro S\u00e3o Miguel em General Carneiro por volta das 21 horas desta quarta-feira (06).\u00a0A a\u00e7\u00e3o foi deflagrada ap\u00f3s uma den\u00fancia an\u00f4nima. A den\u00fancia informava que produtos de uma carga furtada estariam escondidos em uma resid\u00eancia. Ao chegar ao local, a [&hellip;]<\/p>\n","protected":false},"author":2,"featured_media":41084,"comment_status":"open","ping_status":"open","sticky":false,"template":"","format":"standard","meta":{"footnotes":""},"categories":[2],"tags":[172],"class_list":["post-41083","post","type-post","status-publish","format-standard","has-post-thumbnail","hentry","category-policial","tag-featured"],"amp_enabled":true,"_links":{"self":[{"href":"https:\/\/radiostudiow.com.br\/site\/wp-json\/wp\/v2\/posts\/41083","targetHints":{"allow":["GET"]}}],"collection":[{"href":"https:\/\/radiostudiow.com.br\/site\/wp-json\/wp\/v2\/posts"}],"about":[{"href":"https:\/\/radiostudiow.com.br\/site\/wp-json\/wp\/v2\/types\/post"}],"author":[{"embeddable":true,"href":"https:\/\/radiostudiow.com.br\/site\/wp-json\/wp\/v2\/users\/2"}],"replies":[{"embeddable":true,"href":"https:\/\/radiostudiow.com.br\/site\/wp-json\/wp\/v2\/comments?post=41083"}],"version-history":[{"count":1,"href":"https:\/\/radiostudiow.com.br\/site\/wp-json\/wp\/v2\/posts\/41083\/revisions"}],"predecessor-version":[{"id":41085,"href":"https:\/\/radiostudiow.com.br\/site\/wp-json\/wp\/v2\/posts\/41083\/revisions\/41085"}],"wp:featuredmedia":[{"embeddable":true,"href":"https:\/\/radiostudiow.com.br\/site\/wp-json\/wp\/v2\/media\/41084"}],"wp:attachment":[{"href":"https:\/\/radiostudiow.com.br\/site\/wp-json\/wp\/v2\/media?parent=41083"}],"wp:term":[{"taxonomy":"category","embeddable":true,"href":"https:\/\/radiostudiow.com.br\/site\/wp-json\/wp\/v2\/categories?post=41083"},{"taxonomy":"post_tag","embeddable":true,"href":"https:\/\/radiostudiow.com.br\/site\/wp-json\/wp\/v2\/tags?post=41083"}],"curies":[{"name":"wp","href":"https:\/\/api.w.org\/{rel}","templated":true}]}}