{"id":41086,"date":"2025-08-07T10:08:29","date_gmt":"2025-08-07T13:08:29","guid":{"rendered":"https:\/\/radiostudiow.com.br\/site\/?p=41086"},"modified":"2025-08-07T10:08:30","modified_gmt":"2025-08-07T13:08:30","slug":"identificado-motorista-que-morreu-na-serra-do-leao-em-uniao-da-vitoria","status":"publish","type":"post","link":"https:\/\/radiostudiow.com.br\/site\/2025\/08\/07\/identificado-motorista-que-morreu-na-serra-do-leao-em-uniao-da-vitoria\/","title":{"rendered":"Identificado motorista que morreu na Serra do Le\u00e3o em Uni\u00e3o da Vit\u00f3ria"},"content":{"rendered":"\n<figure class=\"wp-block-image size-full\"><img loading=\"lazy\" decoding=\"async\" width=\"897\" height=\"204\" src=\"https:\/\/radiostudiow.com.br\/site\/wp-content\/uploads\/2025\/05\/NUTRI-MALLET.png\" alt=\"\" class=\"wp-image-37813\" srcset=\"https:\/\/radiostudiow.com.br\/site\/wp-content\/uploads\/2025\/05\/NUTRI-MALLET.png 897w, https:\/\/radiostudiow.com.br\/site\/wp-content\/uploads\/2025\/05\/NUTRI-MALLET-300x68.png 300w, https:\/\/radiostudiow.com.br\/site\/wp-content\/uploads\/2025\/05\/NUTRI-MALLET-768x175.png 768w\" sizes=\"auto, (max-width: 897px) 100vw, 897px\" \/><\/figure>\n\n\n\n<p>Foi identificado o motorista do grave acidente na\u00a0BR\u2011153, na regi\u00e3o da\u00a0Serra do Le\u00e3o, em Uni\u00e3o da Vit\u00f3ria, resultou na morte de um motorista de Mafra na noite desta ter\u00e7a-feira (05). <\/p>\n\n\n\n<p>Anderson Wilner, de 42 anos, conduzia um\u00a0Ford Ka\u00a0quando perdeu o controle da dire\u00e7\u00e3o durante a descida da serra e acabou saindo da pista.<\/p>\n\n\n\n<p>O ve\u00edculo caiu por aproximadamente\u00a030 metros em uma ribanceira, conforme informado pelo Corpo de Bombeiros.<\/p>\n\n\n\n<figure class=\"wp-block-image size-full\"><img loading=\"lazy\" decoding=\"async\" width=\"598\" height=\"204\" src=\"https:\/\/radiostudiow.com.br\/site\/wp-content\/uploads\/2024\/10\/labirati.png\" alt=\"\" class=\"wp-image-28854\" srcset=\"https:\/\/radiostudiow.com.br\/site\/wp-content\/uploads\/2024\/10\/labirati.png 598w, https:\/\/radiostudiow.com.br\/site\/wp-content\/uploads\/2024\/10\/labirati-300x102.png 300w\" sizes=\"auto, (max-width: 598px) 100vw, 598px\" \/><\/figure>\n\n\n\n<p>Equipes de resgate do Corpo de Bombeiros foram acionadas imediatamente, e da ocorr\u00eancia tamb\u00e9m participaram a\u00a0Pol\u00edcia Rodovi\u00e1ria Federal\u00a0e a\u00a0Pol\u00edcia Cient\u00edfica.<\/p>\n\n\n\n<p>Infelizmente, o motorista n\u00e3o resistiu aos ferimentos e faleceu no local. O corpo foi removido e encaminhado ao\u00a0Instituto M\u00e9dico\u2011Legal (IML)\u00a0de Uni\u00e3o da Vit\u00f3ria.<\/p>\n","protected":false},"excerpt":{"rendered":"<p>Foi identificado o motorista do grave acidente na\u00a0BR\u2011153, na regi\u00e3o da\u00a0Serra do Le\u00e3o, em Uni\u00e3o da Vit\u00f3ria, resultou na morte de um motorista de Mafra na noite desta ter\u00e7a-feira (05). Anderson Wilner, de 42 anos, conduzia um\u00a0Ford Ka\u00a0quando perdeu o controle da dire\u00e7\u00e3o durante a descida da serra e acabou saindo da pista. O ve\u00edculo [&hellip;]<\/p>\n","protected":false},"author":2,"featured_media":41087,"comment_status":"open","ping_status":"open","sticky":false,"template":"","format":"standard","meta":{"footnotes":""},"categories":[2],"tags":[172],"class_list":["post-41086","post","type-post","status-publish","format-standard","has-post-thumbnail","hentry","category-policial","tag-featured"],"amp_enabled":true,"_links":{"self":[{"href":"https:\/\/radiostudiow.com.br\/site\/wp-json\/wp\/v2\/posts\/41086","targetHints":{"allow":["GET"]}}],"collection":[{"href":"https:\/\/radiostudiow.com.br\/site\/wp-json\/wp\/v2\/posts"}],"about":[{"href":"https:\/\/radiostudiow.com.br\/site\/wp-json\/wp\/v2\/types\/post"}],"author":[{"embeddable":true,"href":"https:\/\/radiostudiow.com.br\/site\/wp-json\/wp\/v2\/users\/2"}],"replies":[{"embeddable":true,"href":"https:\/\/radiostudiow.com.br\/site\/wp-json\/wp\/v2\/comments?post=41086"}],"version-history":[{"count":1,"href":"https:\/\/radiostudiow.com.br\/site\/wp-json\/wp\/v2\/posts\/41086\/revisions"}],"predecessor-version":[{"id":41088,"href":"https:\/\/radiostudiow.com.br\/site\/wp-json\/wp\/v2\/posts\/41086\/revisions\/41088"}],"wp:featuredmedia":[{"embeddable":true,"href":"https:\/\/radiostudiow.com.br\/site\/wp-json\/wp\/v2\/media\/41087"}],"wp:attachment":[{"href":"https:\/\/radiostudiow.com.br\/site\/wp-json\/wp\/v2\/media?parent=41086"}],"wp:term":[{"taxonomy":"category","embeddable":true,"href":"https:\/\/radiostudiow.com.br\/site\/wp-json\/wp\/v2\/categories?post=41086"},{"taxonomy":"post_tag","embeddable":true,"href":"https:\/\/radiostudiow.com.br\/site\/wp-json\/wp\/v2\/tags?post=41086"}],"curies":[{"name":"wp","href":"https:\/\/api.w.org\/{rel}","templated":true}]}}