{"id":41098,"date":"2025-08-07T11:47:51","date_gmt":"2025-08-07T14:47:51","guid":{"rendered":"https:\/\/radiostudiow.com.br\/site\/?p=41098"},"modified":"2025-08-07T11:47:51","modified_gmt":"2025-08-07T14:47:51","slug":"guarda-municipal-e-receita-federal-realizam-apreensao-de-produtos-em-irati","status":"publish","type":"post","link":"https:\/\/radiostudiow.com.br\/site\/2025\/08\/07\/guarda-municipal-e-receita-federal-realizam-apreensao-de-produtos-em-irati\/","title":{"rendered":"Guarda Municipal e Receita Federal realizam apreens\u00e3o de produtos em Irati"},"content":{"rendered":"\n<figure class=\"wp-block-image size-full\"><img loading=\"lazy\" decoding=\"async\" width=\"897\" height=\"204\" src=\"https:\/\/radiostudiow.com.br\/site\/wp-content\/uploads\/2025\/01\/SITE-GRANDE3.png\" alt=\"\" class=\"wp-image-32900\" srcset=\"https:\/\/radiostudiow.com.br\/site\/wp-content\/uploads\/2025\/01\/SITE-GRANDE3.png 897w, https:\/\/radiostudiow.com.br\/site\/wp-content\/uploads\/2025\/01\/SITE-GRANDE3-300x68.png 300w, https:\/\/radiostudiow.com.br\/site\/wp-content\/uploads\/2025\/01\/SITE-GRANDE3-768x175.png 768w\" sizes=\"auto, (max-width: 897px) 100vw, 897px\" \/><\/figure>\n\n\n\n<p>A Guarda Municipal e a Receita Federal apreenderam produtos de origem estrangeira, que foram localizados em um ve\u00edculo Fiat Siena abordado na rua da Liberdade, em\u00a0Irati, por volta das 20 horas na noite dessa ter\u00e7a-feira (05).<\/p>\n\n\n\n<p>Segundo a Guarda Municipal, o motorista n\u00e3o apresentava irregularidades na habilita\u00e7\u00e3o.<\/p>\n\n\n\n<p>No entanto, os agentes constataram que o condutor estava transportando alguns produtos que entraram ilegalmente no Pa\u00eds, como l\u00e2mpadas, roupas e celulares.<\/p>\n\n\n\n<p>A situa\u00e7\u00e3o foi repassada para a Receita Federal, que esteve no local e apreendeu os produtos. As mercadorias tinham destina\u00e7\u00e3o comercial.<\/p>\n\n\n\n<figure class=\"wp-block-image size-full\"><img loading=\"lazy\" decoding=\"async\" width=\"598\" height=\"204\" src=\"https:\/\/radiostudiow.com.br\/site\/wp-content\/uploads\/2024\/01\/SITE-MEDIO.png\" alt=\"\" class=\"wp-image-18916\" srcset=\"https:\/\/radiostudiow.com.br\/site\/wp-content\/uploads\/2024\/01\/SITE-MEDIO.png 598w, https:\/\/radiostudiow.com.br\/site\/wp-content\/uploads\/2024\/01\/SITE-MEDIO-300x102.png 300w\" sizes=\"auto, (max-width: 598px) 100vw, 598px\" \/><\/figure>\n\n\n\n<p>O valor dos produtos apreendidos gira em torno de R$ 8 mil. Os objetos foram apreendidos e encaminhados para a Delegacia da Receita Federal em Ponta Grossa.<\/p>\n\n\n\n<p>Em nota, a Guarda Municipal enfatiza que a a\u00e7\u00e3o refor\u00e7a o compromisso das for\u00e7as de seguran\u00e7a em combater o com\u00e9rcio ilegal e proteger a economia do Pa\u00eds.<\/p>\n\n\n\n<figure class=\"wp-block-image size-full\"><img loading=\"lazy\" decoding=\"async\" width=\"1024\" height=\"576\" src=\"https:\/\/radiostudiow.com.br\/site\/wp-content\/uploads\/2025\/08\/image-28.png\" alt=\"\" class=\"wp-image-41099\" srcset=\"https:\/\/radiostudiow.com.br\/site\/wp-content\/uploads\/2025\/08\/image-28.png 1024w, https:\/\/radiostudiow.com.br\/site\/wp-content\/uploads\/2025\/08\/image-28-300x169.png 300w, https:\/\/radiostudiow.com.br\/site\/wp-content\/uploads\/2025\/08\/image-28-768x432.png 768w\" sizes=\"auto, (max-width: 1024px) 100vw, 1024px\" \/><figcaption class=\"wp-element-caption\">Guardas e agentes da Receita Federal apreenderam produtos que entraram irregularmente no Pa\u00eds. Foto: Guarda Municipal<\/figcaption><\/figure>\n","protected":false},"excerpt":{"rendered":"<p>A Guarda Municipal e a Receita Federal apreenderam produtos de origem estrangeira, que foram localizados em um ve\u00edculo Fiat Siena abordado na rua da Liberdade, em\u00a0Irati, por volta das 20 horas na noite dessa ter\u00e7a-feira (05). Segundo a Guarda Municipal, o motorista n\u00e3o apresentava irregularidades na habilita\u00e7\u00e3o. No entanto, os agentes constataram que o condutor [&hellip;]<\/p>\n","protected":false},"author":2,"featured_media":41100,"comment_status":"open","ping_status":"open","sticky":false,"template":"","format":"standard","meta":{"footnotes":""},"categories":[2],"tags":[172],"class_list":["post-41098","post","type-post","status-publish","format-standard","has-post-thumbnail","hentry","category-policial","tag-featured"],"amp_enabled":true,"_links":{"self":[{"href":"https:\/\/radiostudiow.com.br\/site\/wp-json\/wp\/v2\/posts\/41098","targetHints":{"allow":["GET"]}}],"collection":[{"href":"https:\/\/radiostudiow.com.br\/site\/wp-json\/wp\/v2\/posts"}],"about":[{"href":"https:\/\/radiostudiow.com.br\/site\/wp-json\/wp\/v2\/types\/post"}],"author":[{"embeddable":true,"href":"https:\/\/radiostudiow.com.br\/site\/wp-json\/wp\/v2\/users\/2"}],"replies":[{"embeddable":true,"href":"https:\/\/radiostudiow.com.br\/site\/wp-json\/wp\/v2\/comments?post=41098"}],"version-history":[{"count":1,"href":"https:\/\/radiostudiow.com.br\/site\/wp-json\/wp\/v2\/posts\/41098\/revisions"}],"predecessor-version":[{"id":41102,"href":"https:\/\/radiostudiow.com.br\/site\/wp-json\/wp\/v2\/posts\/41098\/revisions\/41102"}],"wp:featuredmedia":[{"embeddable":true,"href":"https:\/\/radiostudiow.com.br\/site\/wp-json\/wp\/v2\/media\/41100"}],"wp:attachment":[{"href":"https:\/\/radiostudiow.com.br\/site\/wp-json\/wp\/v2\/media?parent=41098"}],"wp:term":[{"taxonomy":"category","embeddable":true,"href":"https:\/\/radiostudiow.com.br\/site\/wp-json\/wp\/v2\/categories?post=41098"},{"taxonomy":"post_tag","embeddable":true,"href":"https:\/\/radiostudiow.com.br\/site\/wp-json\/wp\/v2\/tags?post=41098"}],"curies":[{"name":"wp","href":"https:\/\/api.w.org\/{rel}","templated":true}]}}