{"id":41110,"date":"2025-08-07T15:30:19","date_gmt":"2025-08-07T18:30:19","guid":{"rendered":"https:\/\/radiostudiow.com.br\/site\/?p=41110"},"modified":"2025-08-07T15:30:20","modified_gmt":"2025-08-07T18:30:20","slug":"mallet-sera-sede-do-31o-festival-nacional-de-dancas-ucranianas-em-novembro","status":"publish","type":"post","link":"https:\/\/radiostudiow.com.br\/site\/2025\/08\/07\/mallet-sera-sede-do-31o-festival-nacional-de-dancas-ucranianas-em-novembro\/","title":{"rendered":"Mallet ser\u00e1 sede do 31\u00ba Festival Nacional de Dan\u00e7as Ucranianas em novembro"},"content":{"rendered":"\n<figure class=\"wp-block-image size-full\"><img loading=\"lazy\" decoding=\"async\" width=\"897\" height=\"204\" src=\"https:\/\/radiostudiow.com.br\/site\/wp-content\/uploads\/2025\/01\/SITE-GRANDE3.png\" alt=\"\" class=\"wp-image-32900\" srcset=\"https:\/\/radiostudiow.com.br\/site\/wp-content\/uploads\/2025\/01\/SITE-GRANDE3.png 897w, https:\/\/radiostudiow.com.br\/site\/wp-content\/uploads\/2025\/01\/SITE-GRANDE3-300x68.png 300w, https:\/\/radiostudiow.com.br\/site\/wp-content\/uploads\/2025\/01\/SITE-GRANDE3-768x175.png 768w\" sizes=\"auto, (max-width: 897px) 100vw, 897px\" \/><\/figure>\n\n\n\n<p><\/p>\n\n\n\n<h2 class=\"wp-block-heading\">Evento reunir\u00e1 grupos folcl\u00f3ricos de diversas regi\u00f5es do Brasil, Paraguai e Argentina, celebrando a cultura ucraniana com apresenta\u00e7\u00f5es, resgate hist\u00f3rico e integra\u00e7\u00e3o comunit\u00e1ria<\/h2>\n\n\n\n<p><\/p>\n\n\n\n<p>Marco inicial da imigra\u00e7\u00e3o ucraniana no Brasil, o munic\u00edpio de Mallet\/PR vai sediar de 20 a 23 de novembro de 2025, o 31\u00ba Festival Nacional de Dan\u00e7as Ucranianas (FNDUA), o maior evento da cultura ucraniana no Brasil. Realizado pelo Folclore Ucraniano Spomen, o festival contar\u00e1 com a participa\u00e7\u00e3o de 27 grupos folcl\u00f3ricos, cerca de 750 artistas, e expectativa de p\u00fablico superior a 15 mil pessoas durante os quatro dias de programa\u00e7\u00e3o.<\/p>\n\n\n\n<p class=\"has-medium-font-size\"><strong>Com o tema \u201c\u00c9 Hora de Voltar para Onde Tudo Come\u00e7ou\u201d, a edi\u00e7\u00e3o homenageia a hist\u00f3ria de Mallet, que recebeu os primeiros imigrantes ucranianos em 1891, quando a regi\u00e3o ainda era conhecida como Rio Claro do Sul, que hoje \u00e9 um dos distritos da cidade. <\/strong><\/p>\n\n\n\n<p>Ele tem grande relev\u00e2ncia para a hist\u00f3ria da coloniza\u00e7\u00e3o do Paran\u00e1, sendo uma das primeiras col\u00f4nias criadas no Estado. Foi nesta terra que chegaram as primeiras fam\u00edlias de imigrantes ucranianos. Hoje, \u00e9 considerado um importante centro de preserva\u00e7\u00e3o dessa heran\u00e7a cultural.<\/p>\n\n\n\n<p class=\"has-medium-font-size\"><strong>De acordo com L\u00facia Parastchuk Oszust, coordenadora geral do evento, secretaria do Spomen e vice-presidente da Representa\u00e7\u00e3o Central Ucraniana no Brasil, a edi\u00e7\u00e3o deste ano promete ser hist\u00f3rica. \u201cAl\u00e9m da dan\u00e7a, faremos um resgate cultural, em que convidamos os participantes e visitantes a colaborarem com itens trazidos pelos imigrantes ou que pertenceram a eles. Queremos, por meio desta iniciativa, fazer uma imers\u00e3o no passado e valorizar a trajet\u00f3ria dos imigrantes que aqui chegaram e contribu\u00edram para a moldar a identidade cultural do nosso munic\u00edpio, da comunidade ucraniana e do Estado Paran\u00e1. Acima de tudo, incentivar as novas gera\u00e7\u00f5es a valorizarem suas ra\u00edzes\u201d, destaca.<\/strong><\/p>\n\n\n\n<figure class=\"wp-block-image size-full\"><img loading=\"lazy\" decoding=\"async\" width=\"530\" height=\"180\" src=\"https:\/\/radiostudiow.com.br\/site\/wp-content\/uploads\/2025\/08\/12dd1e85-e056-42ea-9822-26ab000a247d.jpg\" alt=\"\" class=\"wp-image-41112\" srcset=\"https:\/\/radiostudiow.com.br\/site\/wp-content\/uploads\/2025\/08\/12dd1e85-e056-42ea-9822-26ab000a247d.jpg 530w, https:\/\/radiostudiow.com.br\/site\/wp-content\/uploads\/2025\/08\/12dd1e85-e056-42ea-9822-26ab000a247d-300x102.jpg 300w\" sizes=\"auto, (max-width: 530px) 100vw, 530px\" \/><\/figure>\n\n\n\n<p><\/p>\n\n\n\n<p>Desde a d\u00e9cada de 1930, os grupos folcl\u00f3ricos ucranianos t\u00eam divulgado e contribu\u00eddo para preservar essa tradi\u00e7\u00e3o, apresentando-se em palcos nacionais e internacionais. O festival, realizado desde 1994, consolida-se como um espa\u00e7o de celebra\u00e7\u00e3o, educa\u00e7\u00e3o e salvaguarda do patrim\u00f4nio imaterial, refor\u00e7ando a import\u00e2ncia da cultura ucraniana na forma\u00e7\u00e3o do Paran\u00e1.<\/p>\n\n\n\n<p>\u00c9 importante destacar que o evento adota pr\u00e1ticas sustent\u00e1veis para minimizar os impactos ambientais. Essas a\u00e7\u00f5es refletem o compromisso do Festival com a responsabilidade socioambiental e a preserva\u00e7\u00e3o dos recursos naturais.<\/p>\n\n\n\n<p style=\"font-size:19px\"><strong>O 31\u00ba Festival Nacional de Dan\u00e7as Ucranianas trar\u00e1, ainda, impactos econ\u00f4micos significativos para Mallet e toda a regi\u00e3o Centro-Sul do Paran\u00e1, impulsionando diferentes setores produtivos e fortalecendo a imagem do munic\u00edpio como destino cultural e tur\u00edstico.<\/strong><\/p>\n\n\n\n<p><\/p>\n\n\n\n<figure class=\"wp-block-image size-large\"><img loading=\"lazy\" decoding=\"async\" width=\"922\" height=\"1024\" src=\"https:\/\/radiostudiow.com.br\/site\/wp-content\/uploads\/2025\/08\/9b3d7ca6-a28b-46a1-a3b3-bbabb25301a7-922x1024.jpg\" alt=\"\" class=\"wp-image-41113\" srcset=\"https:\/\/radiostudiow.com.br\/site\/wp-content\/uploads\/2025\/08\/9b3d7ca6-a28b-46a1-a3b3-bbabb25301a7-922x1024.jpg 922w, https:\/\/radiostudiow.com.br\/site\/wp-content\/uploads\/2025\/08\/9b3d7ca6-a28b-46a1-a3b3-bbabb25301a7-270x300.jpg 270w, https:\/\/radiostudiow.com.br\/site\/wp-content\/uploads\/2025\/08\/9b3d7ca6-a28b-46a1-a3b3-bbabb25301a7-768x853.jpg 768w, https:\/\/radiostudiow.com.br\/site\/wp-content\/uploads\/2025\/08\/9b3d7ca6-a28b-46a1-a3b3-bbabb25301a7.jpg 1080w\" sizes=\"auto, (max-width: 922px) 100vw, 922px\" \/><\/figure>\n\n\n\n<p class=\"has-medium-font-size\">Servi\u00e7o:<br>31\u00ba Festival Nacional de Dan\u00e7as Ucranianas (FNDUA)<br>Data: 20 a 23 de novembro de 2025<br>Local: Mallet, Paran\u00e1<br><strong>Informa\u00e7\u00f5es: https:\/\/www.instagram.com\/grupospomen<\/strong><\/p>\n\n\n\n<h2 class=\"wp-block-heading\">VOC\u00ca PODER\u00c1 ACOMPANHAR AO LONGO DESSES PR\u00d3XIMOS MESES TODAS AS INFORMA\u00c7\u00d5ES A RESPEITO DESTE FESTIVAL, INCLUSIVE COM ENTREVISTAS E TODOS OS BASTIDORES AQUI NA STUDIO W.<\/h2>\n\n\n\n<h2 class=\"wp-block-heading\">E NOS DIAS DO EVENTO, TUDO AO VIVO PRA VOC\u00ca N\u00c3O PERDER NADA DESTE GRANDE ENCONTRO DOS GRUPOS FOLCL\u00d3RICOS UCRANIANOS DA AM\u00c9RICA LATINA REUNIDOS NA CIDADE DE MALLET.<\/h2>\n\n\n\n<p><\/p>\n","protected":false},"excerpt":{"rendered":"<p>Evento reunir\u00e1 grupos folcl\u00f3ricos de diversas regi\u00f5es do Brasil, Paraguai e Argentina, celebrando a cultura ucraniana com apresenta\u00e7\u00f5es, resgate hist\u00f3rico e integra\u00e7\u00e3o comunit\u00e1ria Marco inicial da imigra\u00e7\u00e3o ucraniana no Brasil, o munic\u00edpio de Mallet\/PR vai sediar de 20 a 23 de novembro de 2025, o 31\u00ba Festival Nacional de Dan\u00e7as Ucranianas (FNDUA), o maior evento [&hellip;]<\/p>\n","protected":false},"author":2,"featured_media":41111,"comment_status":"open","ping_status":"open","sticky":false,"template":"","format":"standard","meta":{"footnotes":""},"categories":[184],"tags":[172],"class_list":["post-41110","post","type-post","status-publish","format-standard","has-post-thumbnail","hentry","category-local","tag-featured"],"amp_enabled":true,"_links":{"self":[{"href":"https:\/\/radiostudiow.com.br\/site\/wp-json\/wp\/v2\/posts\/41110","targetHints":{"allow":["GET"]}}],"collection":[{"href":"https:\/\/radiostudiow.com.br\/site\/wp-json\/wp\/v2\/posts"}],"about":[{"href":"https:\/\/radiostudiow.com.br\/site\/wp-json\/wp\/v2\/types\/post"}],"author":[{"embeddable":true,"href":"https:\/\/radiostudiow.com.br\/site\/wp-json\/wp\/v2\/users\/2"}],"replies":[{"embeddable":true,"href":"https:\/\/radiostudiow.com.br\/site\/wp-json\/wp\/v2\/comments?post=41110"}],"version-history":[{"count":1,"href":"https:\/\/radiostudiow.com.br\/site\/wp-json\/wp\/v2\/posts\/41110\/revisions"}],"predecessor-version":[{"id":41114,"href":"https:\/\/radiostudiow.com.br\/site\/wp-json\/wp\/v2\/posts\/41110\/revisions\/41114"}],"wp:featuredmedia":[{"embeddable":true,"href":"https:\/\/radiostudiow.com.br\/site\/wp-json\/wp\/v2\/media\/41111"}],"wp:attachment":[{"href":"https:\/\/radiostudiow.com.br\/site\/wp-json\/wp\/v2\/media?parent=41110"}],"wp:term":[{"taxonomy":"category","embeddable":true,"href":"https:\/\/radiostudiow.com.br\/site\/wp-json\/wp\/v2\/categories?post=41110"},{"taxonomy":"post_tag","embeddable":true,"href":"https:\/\/radiostudiow.com.br\/site\/wp-json\/wp\/v2\/tags?post=41110"}],"curies":[{"name":"wp","href":"https:\/\/api.w.org\/{rel}","templated":true}]}}