{"id":41115,"date":"2025-08-07T18:24:21","date_gmt":"2025-08-07T21:24:21","guid":{"rendered":"https:\/\/radiostudiow.com.br\/site\/?p=41115"},"modified":"2025-08-07T18:24:22","modified_gmt":"2025-08-07T21:24:22","slug":"10a-drp-de-mallet-participou-de-uma-roda-de-conversa-sobre-a-violencia-de-genero-em-paulo-frontin","status":"publish","type":"post","link":"https:\/\/radiostudiow.com.br\/site\/2025\/08\/07\/10a-drp-de-mallet-participou-de-uma-roda-de-conversa-sobre-a-violencia-de-genero-em-paulo-frontin\/","title":{"rendered":"10\u00aa DRP de Mallet participou de uma roda de conversa sobre a viol\u00eancia de g\u00eanero em Paulo Frontin"},"content":{"rendered":"\n<p>A 10\u00aa DRP de Mallet participou de uma roda de conversa sobre a viol\u00eancia de g\u00eanero, no munic\u00edpio de Paulo Frontin, na \u00faltima ter\u00e7a-feira, dia 05 de Agosto. A iniciativa integra a OPERA\u00c7\u00c3O SHAMAR edi\u00e7\u00e3o 2025, a\u00e7\u00e3o integrada de enfrentamento \u00e0 viol\u00eancia contra as mulheres.<\/p>\n\n\n\n<p>Realizada tradicionalmente no m\u00eas de agosto, a iniciativa, que comp\u00f5e a campanha Agosto Lil\u00e1s, faz alus\u00e3o ao anivers\u00e1rio da Lei Maria da Penha \u2013 que completa nesta data, 07 de agosto de 2025, 19 anos de promulga\u00e7\u00e3o.<\/p>\n\n\n\n<figure class=\"wp-block-image size-full\"><img loading=\"lazy\" decoding=\"async\" width=\"598\" height=\"204\" src=\"https:\/\/radiostudiow.com.br\/site\/wp-content\/uploads\/2024\/01\/SITE-MEDIO.png\" alt=\"\" class=\"wp-image-18916\" srcset=\"https:\/\/radiostudiow.com.br\/site\/wp-content\/uploads\/2024\/01\/SITE-MEDIO.png 598w, https:\/\/radiostudiow.com.br\/site\/wp-content\/uploads\/2024\/01\/SITE-MEDIO-300x102.png 300w\" sizes=\"auto, (max-width: 598px) 100vw, 598px\" \/><\/figure>\n\n\n\n<figure class=\"wp-block-image size-large\"><img loading=\"lazy\" decoding=\"async\" width=\"1024\" height=\"841\" src=\"https:\/\/radiostudiow.com.br\/site\/wp-content\/uploads\/2025\/08\/A-10a-DRP-de-Mallet-participou-de-uma-roda-de-conversa-sobre-a-violencia-de-genero-no-municipio-1-1024x841.jpg\" alt=\"\" class=\"wp-image-41117\" srcset=\"https:\/\/radiostudiow.com.br\/site\/wp-content\/uploads\/2025\/08\/A-10a-DRP-de-Mallet-participou-de-uma-roda-de-conversa-sobre-a-violencia-de-genero-no-municipio-1-1024x841.jpg 1024w, https:\/\/radiostudiow.com.br\/site\/wp-content\/uploads\/2025\/08\/A-10a-DRP-de-Mallet-participou-de-uma-roda-de-conversa-sobre-a-violencia-de-genero-no-municipio-1-300x246.jpg 300w, https:\/\/radiostudiow.com.br\/site\/wp-content\/uploads\/2025\/08\/A-10a-DRP-de-Mallet-participou-de-uma-roda-de-conversa-sobre-a-violencia-de-genero-no-municipio-1-768x631.jpg 768w, https:\/\/radiostudiow.com.br\/site\/wp-content\/uploads\/2025\/08\/A-10a-DRP-de-Mallet-participou-de-uma-roda-de-conversa-sobre-a-violencia-de-genero-no-municipio-1.jpg 1080w\" sizes=\"auto, (max-width: 1024px) 100vw, 1024px\" \/><\/figure>\n\n\n\n<p>Na ocasi\u00e3o, foram tratados assuntos como os tipos de viol\u00eancia, a necessidade de rompimento dos ciclos de viol\u00eancia, a import\u00e2ncia da den\u00fancia e os canais para tal, bem como orienta\u00e7\u00f5es sobre a rede de apoio e prote\u00e7\u00e3o.<\/p>\n\n\n\n<p>A PCPR refor\u00e7a que, diante de casos de viol\u00eancia de g\u00eanero, o sil\u00eancio favorece o agressor; por sua vez, a den\u00fancia pode salvar vidas. Se voc\u00ea sofre ou presenciou algum tipo de viol\u00eancia contra as mulheres, denuncie.<\/p>\n\n\n\n<blockquote class=\"wp-block-quote is-layout-flow wp-block-quote-is-layout-flow\">\n<p class=\"has-text-align-left\">* Emerg\u00eancia \u2192 \ud83d\udcde Ligue 190 (Pol\u00edcia Militar)<br>* Den\u00fancias an\u00f4nimas \u2192 \ud83d\udcdeDISQUE 181<br>* Pol\u00edcia Civil \u2192 \ud83d\udcdeLigue 197<br>* Compare\u00e7a pessoalmente \u00e0 10\u00aa DRP de Mallet ou entre em contato pelo WhatsApp \ud83d\udcf2(42) 3542-1249<\/p>\n<\/blockquote>\n\n\n\n<figure class=\"wp-block-image size-full\"><img loading=\"lazy\" decoding=\"async\" width=\"863\" height=\"485\" src=\"https:\/\/radiostudiow.com.br\/site\/wp-content\/uploads\/2025\/08\/image-18.png\" alt=\"\" class=\"wp-image-40981\" srcset=\"https:\/\/radiostudiow.com.br\/site\/wp-content\/uploads\/2025\/08\/image-18.png 863w, https:\/\/radiostudiow.com.br\/site\/wp-content\/uploads\/2025\/08\/image-18-300x169.png 300w, https:\/\/radiostudiow.com.br\/site\/wp-content\/uploads\/2025\/08\/image-18-768x432.png 768w\" sizes=\"auto, (max-width: 863px) 100vw, 863px\" \/><\/figure>\n\n\n\n<figure class=\"wp-block-gallery has-nested-images columns-default is-cropped wp-block-gallery-1 is-layout-flex wp-block-gallery-is-layout-flex\">\n<figure class=\"wp-block-image size-large\"><img loading=\"lazy\" decoding=\"async\" width=\"768\" height=\"1024\" data-id=\"41119\" src=\"https:\/\/radiostudiow.com.br\/site\/wp-content\/uploads\/2025\/08\/A-10a-DRP-de-Mallet-participou-de-uma-roda-de-conversa-sobre-a-violencia-de-genero-no-municipio-2-768x1024.jpg\" alt=\"\" class=\"wp-image-41119\" srcset=\"https:\/\/radiostudiow.com.br\/site\/wp-content\/uploads\/2025\/08\/A-10a-DRP-de-Mallet-participou-de-uma-roda-de-conversa-sobre-a-violencia-de-genero-no-municipio-2-768x1024.jpg 768w, https:\/\/radiostudiow.com.br\/site\/wp-content\/uploads\/2025\/08\/A-10a-DRP-de-Mallet-participou-de-uma-roda-de-conversa-sobre-a-violencia-de-genero-no-municipio-2-225x300.jpg 225w, https:\/\/radiostudiow.com.br\/site\/wp-content\/uploads\/2025\/08\/A-10a-DRP-de-Mallet-participou-de-uma-roda-de-conversa-sobre-a-violencia-de-genero-no-municipio-2.jpg 1080w\" sizes=\"auto, (max-width: 768px) 100vw, 768px\" \/><\/figure>\n\n\n\n<figure class=\"wp-block-image size-large\"><img loading=\"lazy\" decoding=\"async\" width=\"768\" height=\"1024\" data-id=\"41118\" src=\"https:\/\/radiostudiow.com.br\/site\/wp-content\/uploads\/2025\/08\/A-10a-DRP-de-Mallet-participou-de-uma-roda-de-conversa-sobre-a-violencia-de-genero-no-municipio-768x1024.jpg\" alt=\"\" class=\"wp-image-41118\" srcset=\"https:\/\/radiostudiow.com.br\/site\/wp-content\/uploads\/2025\/08\/A-10a-DRP-de-Mallet-participou-de-uma-roda-de-conversa-sobre-a-violencia-de-genero-no-municipio-768x1024.jpg 768w, https:\/\/radiostudiow.com.br\/site\/wp-content\/uploads\/2025\/08\/A-10a-DRP-de-Mallet-participou-de-uma-roda-de-conversa-sobre-a-violencia-de-genero-no-municipio-225x300.jpg 225w, https:\/\/radiostudiow.com.br\/site\/wp-content\/uploads\/2025\/08\/A-10a-DRP-de-Mallet-participou-de-uma-roda-de-conversa-sobre-a-violencia-de-genero-no-municipio.jpg 1080w\" sizes=\"auto, (max-width: 768px) 100vw, 768px\" \/><\/figure>\n<\/figure>\n","protected":false},"excerpt":{"rendered":"<p>A 10\u00aa DRP de Mallet participou de uma roda de conversa sobre a viol\u00eancia de g\u00eanero, no munic\u00edpio de Paulo Frontin, na \u00faltima ter\u00e7a-feira, dia 05 de Agosto. A iniciativa integra a OPERA\u00c7\u00c3O SHAMAR edi\u00e7\u00e3o 2025, a\u00e7\u00e3o integrada de enfrentamento \u00e0 viol\u00eancia contra as mulheres. Realizada tradicionalmente no m\u00eas de agosto, a iniciativa, que comp\u00f5e [&hellip;]<\/p>\n","protected":false},"author":2,"featured_media":41120,"comment_status":"open","ping_status":"open","sticky":false,"template":"","format":"standard","meta":{"footnotes":""},"categories":[184],"tags":[172],"class_list":["post-41115","post","type-post","status-publish","format-standard","has-post-thumbnail","hentry","category-local","tag-featured"],"amp_enabled":true,"_links":{"self":[{"href":"https:\/\/radiostudiow.com.br\/site\/wp-json\/wp\/v2\/posts\/41115","targetHints":{"allow":["GET"]}}],"collection":[{"href":"https:\/\/radiostudiow.com.br\/site\/wp-json\/wp\/v2\/posts"}],"about":[{"href":"https:\/\/radiostudiow.com.br\/site\/wp-json\/wp\/v2\/types\/post"}],"author":[{"embeddable":true,"href":"https:\/\/radiostudiow.com.br\/site\/wp-json\/wp\/v2\/users\/2"}],"replies":[{"embeddable":true,"href":"https:\/\/radiostudiow.com.br\/site\/wp-json\/wp\/v2\/comments?post=41115"}],"version-history":[{"count":2,"href":"https:\/\/radiostudiow.com.br\/site\/wp-json\/wp\/v2\/posts\/41115\/revisions"}],"predecessor-version":[{"id":41121,"href":"https:\/\/radiostudiow.com.br\/site\/wp-json\/wp\/v2\/posts\/41115\/revisions\/41121"}],"wp:featuredmedia":[{"embeddable":true,"href":"https:\/\/radiostudiow.com.br\/site\/wp-json\/wp\/v2\/media\/41120"}],"wp:attachment":[{"href":"https:\/\/radiostudiow.com.br\/site\/wp-json\/wp\/v2\/media?parent=41115"}],"wp:term":[{"taxonomy":"category","embeddable":true,"href":"https:\/\/radiostudiow.com.br\/site\/wp-json\/wp\/v2\/categories?post=41115"},{"taxonomy":"post_tag","embeddable":true,"href":"https:\/\/radiostudiow.com.br\/site\/wp-json\/wp\/v2\/tags?post=41115"}],"curies":[{"name":"wp","href":"https:\/\/api.w.org\/{rel}","templated":true}]}}