{"id":4117,"date":"2021-10-21T21:59:30","date_gmt":"2021-10-22T00:59:30","guid":{"rendered":"https:\/\/radiostudiow.com.br\/site\/?p=4117"},"modified":"2025-01-31T15:12:25","modified_gmt":"2025-01-31T18:12:25","slug":"comecou-mais-uma-promocao-da-secretaria-de-esportes-de-mallet-seletiva-ouro-prata-de-futsal-2021","status":"publish","type":"post","link":"https:\/\/radiostudiow.com.br\/site\/2021\/10\/21\/comecou-mais-uma-promocao-da-secretaria-de-esportes-de-mallet-seletiva-ouro-prata-de-futsal-2021\/","title":{"rendered":"COME\u00c7OU MAIS UMA PROMO\u00c7\u00c3O DA SECRETARIA DE ESPORTES DE MALLET. SELETIVA OURO\/PRATA DE FUTSAL 2021"},"content":{"rendered":"\n<p>A partir de hoje, quinta-feira (21), at\u00e9 o dia 16 de dezembro, muitas emo\u00e7\u00f5es nas quintas e s\u00e1bados no gin\u00e1sio municipal de esportes de Mallet.<\/p>\n\n\n\n<p>Come\u00e7ou a Seletiva Ouro\/Prata de Futsal malletense.<\/p>\n\n\n\n<p>Campeonato que&nbsp; definir\u00e1 as 06 equipes que participar\u00e3o da elite do futsal em 2022.<\/p>\n\n\n\n<p>10 equipes est\u00e3o participando.<\/p>\n\n\n\n<p>Alfa Team, Kosmos, Auto El\u00e9trica S\u00e3o Jos\u00e9, Palmeirinha, WRNet, Ajax, Esportivo, Titans, Porto, Batel, F.C.Mallet.<\/p>\n\n\n\n<p>Acompanhe aqui na Studio W os resultados e os artilheiros de todos os jogos.<\/p>\n\n\n\n<p>Mais uma promo\u00e7\u00e3o da Secretaria de Esportes da Prefeitura Municipal de Mallet.<\/p>\n\n\n\n<figure class=\"wp-block-image size-full\"><img decoding=\"async\" src=\"https:\/\/radiostudiow.com.br\/site\/wp-content\/uploads\/2021\/08\/vem_ai-1.jpg\" alt=\"\" class=\"wp-image-3387\"\/><\/figure>\n\n\n\n<figure class=\"wp-block-image size-full\"><img decoding=\"async\" src=\"https:\/\/radiostudiow.com.br\/site\/wp-content\/uploads\/2021\/10\/02.jpg\" alt=\"\" class=\"wp-image-4119\"\/><\/figure>\n\n\n\n<figure class=\"wp-block-image size-full\"><img decoding=\"async\" src=\"https:\/\/radiostudiow.com.br\/site\/wp-content\/uploads\/2021\/08\/240387432_2992083691066122_4820772207429196742_n.jpg\" alt=\"\" class=\"wp-image-3380\"\/><\/figure>\n","protected":false},"excerpt":{"rendered":"<p>A partir de hoje, quinta-feira (21), at\u00e9 o dia 16 de dezembro, muitas emo\u00e7\u00f5es nas quintas e s\u00e1bados no gin\u00e1sio municipal de esportes de Mallet. Come\u00e7ou a Seletiva Ouro\/Prata de Futsal malletense. Campeonato que&nbsp; definir\u00e1 as 06 equipes que participar\u00e3o da elite do futsal em 2022. 10 equipes est\u00e3o participando. Alfa Team, Kosmos, Auto El\u00e9trica [&hellip;]<\/p>\n","protected":false},"author":2,"featured_media":4118,"comment_status":"open","ping_status":"open","sticky":false,"template":"","format":"standard","meta":{"footnotes":""},"categories":[7,184],"tags":[172],"class_list":["post-4117","post","type-post","status-publish","format-standard","has-post-thumbnail","hentry","category-geral","category-local","tag-featured"],"amp_enabled":true,"_links":{"self":[{"href":"https:\/\/radiostudiow.com.br\/site\/wp-json\/wp\/v2\/posts\/4117","targetHints":{"allow":["GET"]}}],"collection":[{"href":"https:\/\/radiostudiow.com.br\/site\/wp-json\/wp\/v2\/posts"}],"about":[{"href":"https:\/\/radiostudiow.com.br\/site\/wp-json\/wp\/v2\/types\/post"}],"author":[{"embeddable":true,"href":"https:\/\/radiostudiow.com.br\/site\/wp-json\/wp\/v2\/users\/2"}],"replies":[{"embeddable":true,"href":"https:\/\/radiostudiow.com.br\/site\/wp-json\/wp\/v2\/comments?post=4117"}],"version-history":[{"count":2,"href":"https:\/\/radiostudiow.com.br\/site\/wp-json\/wp\/v2\/posts\/4117\/revisions"}],"predecessor-version":[{"id":4121,"href":"https:\/\/radiostudiow.com.br\/site\/wp-json\/wp\/v2\/posts\/4117\/revisions\/4121"}],"wp:featuredmedia":[{"embeddable":true,"href":"https:\/\/radiostudiow.com.br\/site\/wp-json\/wp\/v2\/media\/4118"}],"wp:attachment":[{"href":"https:\/\/radiostudiow.com.br\/site\/wp-json\/wp\/v2\/media?parent=4117"}],"wp:term":[{"taxonomy":"category","embeddable":true,"href":"https:\/\/radiostudiow.com.br\/site\/wp-json\/wp\/v2\/categories?post=4117"},{"taxonomy":"post_tag","embeddable":true,"href":"https:\/\/radiostudiow.com.br\/site\/wp-json\/wp\/v2\/tags?post=4117"}],"curies":[{"name":"wp","href":"https:\/\/api.w.org\/{rel}","templated":true}]}}