{"id":41207,"date":"2025-08-11T19:06:47","date_gmt":"2025-08-11T22:06:47","guid":{"rendered":"https:\/\/radiostudiow.com.br\/site\/?p=41207"},"modified":"2025-08-11T19:06:47","modified_gmt":"2025-08-11T22:06:47","slug":"policia-militar-prende-4-pessoas-e-apreende-materiais-relacionados-ao-crime-de-trafico-de-drogas-em-uniao-da-vitoria","status":"publish","type":"post","link":"https:\/\/radiostudiow.com.br\/site\/2025\/08\/11\/policia-militar-prende-4-pessoas-e-apreende-materiais-relacionados-ao-crime-de-trafico-de-drogas-em-uniao-da-vitoria\/","title":{"rendered":"Pol\u00edcia Militar prende 4 pessoas e apreende materiais relacionados ao crime de tr\u00e1fico de drogas em Uni\u00e3o da Vit\u00f3ria"},"content":{"rendered":"\n<figure class=\"wp-block-image size-full\"><img loading=\"lazy\" decoding=\"async\" width=\"897\" height=\"204\" src=\"https:\/\/radiostudiow.com.br\/site\/wp-content\/uploads\/2025\/02\/SITE-GRANDE7.png\" alt=\"\" class=\"wp-image-33861\" srcset=\"https:\/\/radiostudiow.com.br\/site\/wp-content\/uploads\/2025\/02\/SITE-GRANDE7.png 897w, https:\/\/radiostudiow.com.br\/site\/wp-content\/uploads\/2025\/02\/SITE-GRANDE7-300x68.png 300w, https:\/\/radiostudiow.com.br\/site\/wp-content\/uploads\/2025\/02\/SITE-GRANDE7-768x175.png 768w\" sizes=\"auto, (max-width: 897px) 100vw, 897px\" \/><\/figure>\n\n\n\n<p>Durante patrulhamento ordin\u00e1rio no bairro Rio D&#8217;Areia da equipe da Pol\u00edcia Militar de Uni\u00e3o da Vit\u00f3ria, ouviu gritos de socorro provenientes de uma resid\u00eancia por volta da meia noite desse domingo (10).<\/p>\n\n\n\n<p>Diante da situa\u00e7\u00e3o, os policiais adentraram o local para averigua\u00e7\u00e3o, onde foram encontradas diversas por\u00e7\u00f5es de subst\u00e2ncia an\u00e1loga ao crack, dinheiro em esp\u00e9cie, balan\u00e7a de precis\u00e3o e aparelhos celulares.<\/p>\n\n\n\n<p>Diante dos fatos, quatro pessoas foram presas em flagrante pelo crime de tr\u00e1fico de drogas, sendo conduzidas \u00e0 4a SDP para as devidas provid\u00eancias da pol\u00edcia judici\u00e1ria.<\/p>\n","protected":false},"excerpt":{"rendered":"<p>Durante patrulhamento ordin\u00e1rio no bairro Rio D&#8217;Areia da equipe da Pol\u00edcia Militar de Uni\u00e3o da Vit\u00f3ria, ouviu gritos de socorro provenientes de uma resid\u00eancia por volta da meia noite desse domingo (10). Diante da situa\u00e7\u00e3o, os policiais adentraram o local para averigua\u00e7\u00e3o, onde foram encontradas diversas por\u00e7\u00f5es de subst\u00e2ncia an\u00e1loga ao crack, dinheiro em esp\u00e9cie, [&hellip;]<\/p>\n","protected":false},"author":2,"featured_media":41208,"comment_status":"open","ping_status":"open","sticky":false,"template":"","format":"standard","meta":{"footnotes":""},"categories":[2],"tags":[172],"class_list":["post-41207","post","type-post","status-publish","format-standard","has-post-thumbnail","hentry","category-policial","tag-featured"],"amp_enabled":true,"_links":{"self":[{"href":"https:\/\/radiostudiow.com.br\/site\/wp-json\/wp\/v2\/posts\/41207","targetHints":{"allow":["GET"]}}],"collection":[{"href":"https:\/\/radiostudiow.com.br\/site\/wp-json\/wp\/v2\/posts"}],"about":[{"href":"https:\/\/radiostudiow.com.br\/site\/wp-json\/wp\/v2\/types\/post"}],"author":[{"embeddable":true,"href":"https:\/\/radiostudiow.com.br\/site\/wp-json\/wp\/v2\/users\/2"}],"replies":[{"embeddable":true,"href":"https:\/\/radiostudiow.com.br\/site\/wp-json\/wp\/v2\/comments?post=41207"}],"version-history":[{"count":2,"href":"https:\/\/radiostudiow.com.br\/site\/wp-json\/wp\/v2\/posts\/41207\/revisions"}],"predecessor-version":[{"id":41239,"href":"https:\/\/radiostudiow.com.br\/site\/wp-json\/wp\/v2\/posts\/41207\/revisions\/41239"}],"wp:featuredmedia":[{"embeddable":true,"href":"https:\/\/radiostudiow.com.br\/site\/wp-json\/wp\/v2\/media\/41208"}],"wp:attachment":[{"href":"https:\/\/radiostudiow.com.br\/site\/wp-json\/wp\/v2\/media?parent=41207"}],"wp:term":[{"taxonomy":"category","embeddable":true,"href":"https:\/\/radiostudiow.com.br\/site\/wp-json\/wp\/v2\/categories?post=41207"},{"taxonomy":"post_tag","embeddable":true,"href":"https:\/\/radiostudiow.com.br\/site\/wp-json\/wp\/v2\/tags?post=41207"}],"curies":[{"name":"wp","href":"https:\/\/api.w.org\/{rel}","templated":true}]}}