{"id":4122,"date":"2021-10-22T10:24:55","date_gmt":"2021-10-22T13:24:55","guid":{"rendered":"https:\/\/radiostudiow.com.br\/site\/?p=4122"},"modified":"2025-01-31T15:12:25","modified_gmt":"2025-01-31T18:12:25","slug":"viatura-do-samu-sai-de-pista-durante-atendimento-em-sao-mateus-do-sul","status":"publish","type":"post","link":"https:\/\/radiostudiow.com.br\/site\/2021\/10\/22\/viatura-do-samu-sai-de-pista-durante-atendimento-em-sao-mateus-do-sul\/","title":{"rendered":"Viatura do Samu sai de pista durante atendimento em S\u00e3o Mateus do Sul"},"content":{"rendered":"\n<p>Uma viatura do Samu saiu de pista, na tarde desta quinta-feira, 21 de outubro, enquanto se deslocava para atender a um acidente de tr\u00e2nsito na BR-476, Km 279, pr\u00f3ximo \u00e0 entrada da Vila Bom Jesus, em S\u00e3o Mateus do Sul.<\/p>\n\n\n\n<p>O acidente pr\u00f3ximo \u00e0 Comercial Prata, ocorreu por volta de 17:30 horas envolvendo uma motocicleta e um carro, que deixou a v\u00edtima com ferimentos moderados.<\/p>\n\n\n\n<p><\/p>\n\n\n\n<p>O Corpo de Bombeiros chegou a ser acionado, mas como na mesma hora atendiam a um problema cl\u00ednico, uma equipe do Samu foi chamada. Segundo o motorista do Samu, no momento em que se deslocava para o acidente, um outro ve\u00edculo <em>\u201cteria fechado sua frente\u201d<\/em>. fazendo com que ele jogasse para fora da pista pra evitar uma colis\u00e3o. Os ocupantes do Samu n\u00e3o sofreram nenhum ferimento.<\/p>\n\n\n\n<p><\/p>\n\n\n\n<p>Posteriormente, outra equipe do Samu foi acionada e se deslocou at\u00e9 o local do acidente, socorrendo a v\u00edtima da motocicleta e encaminhando ao Pronto Atendimento Municipal.<\/p>\n\n\n\n<p>A Pol\u00edcia Militar e Pol\u00edcia Rodovi\u00e1ria Federal tamb\u00e9m foram acionada e atenderam as ocorr\u00eancias.<\/p>\n\n\n\n<figure class=\"wp-block-image size-full\"><img decoding=\"async\" src=\"https:\/\/radiostudiow.com.br\/site\/wp-content\/uploads\/2021\/08\/240387432_2992083691066122_4820772207429196742_n.jpg\" alt=\"\" class=\"wp-image-3380\"\/><\/figure>\n","protected":false},"excerpt":{"rendered":"<p>Uma viatura do Samu saiu de pista, na tarde desta quinta-feira, 21 de outubro, enquanto se deslocava para atender a um acidente de tr\u00e2nsito na BR-476, Km 279, pr\u00f3ximo \u00e0 entrada da Vila Bom Jesus, em S\u00e3o Mateus do Sul. O acidente pr\u00f3ximo \u00e0 Comercial Prata, ocorreu por volta de 17:30 horas envolvendo uma motocicleta [&hellip;]<\/p>\n","protected":false},"author":2,"featured_media":4123,"comment_status":"open","ping_status":"open","sticky":false,"template":"","format":"standard","meta":{"footnotes":""},"categories":[2],"tags":[172],"class_list":["post-4122","post","type-post","status-publish","format-standard","has-post-thumbnail","hentry","category-policial","tag-featured"],"amp_enabled":true,"_links":{"self":[{"href":"https:\/\/radiostudiow.com.br\/site\/wp-json\/wp\/v2\/posts\/4122","targetHints":{"allow":["GET"]}}],"collection":[{"href":"https:\/\/radiostudiow.com.br\/site\/wp-json\/wp\/v2\/posts"}],"about":[{"href":"https:\/\/radiostudiow.com.br\/site\/wp-json\/wp\/v2\/types\/post"}],"author":[{"embeddable":true,"href":"https:\/\/radiostudiow.com.br\/site\/wp-json\/wp\/v2\/users\/2"}],"replies":[{"embeddable":true,"href":"https:\/\/radiostudiow.com.br\/site\/wp-json\/wp\/v2\/comments?post=4122"}],"version-history":[{"count":1,"href":"https:\/\/radiostudiow.com.br\/site\/wp-json\/wp\/v2\/posts\/4122\/revisions"}],"predecessor-version":[{"id":4124,"href":"https:\/\/radiostudiow.com.br\/site\/wp-json\/wp\/v2\/posts\/4122\/revisions\/4124"}],"wp:featuredmedia":[{"embeddable":true,"href":"https:\/\/radiostudiow.com.br\/site\/wp-json\/wp\/v2\/media\/4123"}],"wp:attachment":[{"href":"https:\/\/radiostudiow.com.br\/site\/wp-json\/wp\/v2\/media?parent=4122"}],"wp:term":[{"taxonomy":"category","embeddable":true,"href":"https:\/\/radiostudiow.com.br\/site\/wp-json\/wp\/v2\/categories?post=4122"},{"taxonomy":"post_tag","embeddable":true,"href":"https:\/\/radiostudiow.com.br\/site\/wp-json\/wp\/v2\/tags?post=4122"}],"curies":[{"name":"wp","href":"https:\/\/api.w.org\/{rel}","templated":true}]}}