{"id":41228,"date":"2025-08-11T18:21:04","date_gmt":"2025-08-11T21:21:04","guid":{"rendered":"https:\/\/radiostudiow.com.br\/site\/?p=41228"},"modified":"2025-08-11T18:21:05","modified_gmt":"2025-08-11T21:21:05","slug":"certificado-de-licenciamento-de-veiculos-com-dez-datas-vencimentos-comecam-na-sexta","status":"publish","type":"post","link":"https:\/\/radiostudiow.com.br\/site\/2025\/08\/11\/certificado-de-licenciamento-de-veiculos-com-dez-datas-vencimentos-comecam-na-sexta\/","title":{"rendered":"Certificado de licenciamento de ve\u00edculos: com dez datas, vencimentos come\u00e7am na sexta"},"content":{"rendered":"\n<p>O Certificado de Licenciamento Anual \u00e9 um documento que comprova que o autom\u00f3vel atende aos crit\u00e9rios de seguran\u00e7a e ambientais exigidos por lei e, portanto, est\u00e1 apto a circular. No Paran\u00e1, o calend\u00e1rio de vencimento da taxa inicia na pr\u00f3xima sexta-feira, 15 de agosto, conforme o n\u00famero final da placa, sob o valor \u00fanico de R$ 94,61.<\/p>\n\n\n\n<p>Uma novidade deste ano \u00e9 que o cronograma foi simplificado, reduzido a dez datas, para evitar d\u00favidas e facilitar o entendimento dos condutores.&nbsp;A guia para pagamento pode ser acessada atrav\u00e9s dos sites do Detran-PR, PI\u00c1, no aplicativo Detran InteliGente e nas unidades de atendimento, com prazo de dois dias. A quita\u00e7\u00e3o pode ser feita via pix e o certificado fica pronto em at\u00e9 15 minutos.<\/p>\n\n\n\n<figure class=\"wp-block-image size-full\"><img loading=\"lazy\" decoding=\"async\" width=\"598\" height=\"204\" src=\"https:\/\/radiostudiow.com.br\/site\/wp-content\/uploads\/2025\/01\/SITE-MEDIO7.png\" alt=\"\" class=\"wp-image-32801\" srcset=\"https:\/\/radiostudiow.com.br\/site\/wp-content\/uploads\/2025\/01\/SITE-MEDIO7.png 598w, https:\/\/radiostudiow.com.br\/site\/wp-content\/uploads\/2025\/01\/SITE-MEDIO7-300x102.png 300w\" sizes=\"auto, (max-width: 598px) 100vw, 598px\" \/><\/figure>\n\n\n\n<p>O Departamento de Tr\u00e2nsito do Estado (Detran-PR) esclarece que somente ap\u00f3s a quita\u00e7\u00e3o do licenciamento, do IPVA, de eventuais multas e d\u00e9bitos \u00e9 que pode ser emitido o Certificado de Registro e Licenciamento do Ve\u00edculo (CRLV), documento de porte obrigat\u00f3rio que reconhece a total obedi\u00eancia \u00e0 legisla\u00e7\u00e3o.<\/p>\n\n\n\n<p>Os primeiros vencimentos s\u00e3o para ve\u00edculos com numera\u00e7\u00e3o final da placa igual a 1. A partir do dia 29 come\u00e7a o prazo para placas com final 2 e a sequ\u00eancia vai at\u00e9 28 de novembro, para finais iguais a zero.<\/p>\n\n\n\n<p><em>O diretor-presidente do Detran-PR, Santin Roveda, destaca que \u00e9 fun\u00e7\u00e3o do \u00f3rg\u00e3o informar e agilizar os processos para os condutores. <strong>\u201cTrabalhamos com transpar\u00eancia e moderniza\u00e7\u00e3o procurando n\u00e3o incomodar os motoristas, trabalhadores, empresas, e o licenciamento ajuda a resolver as pend\u00eancias do ve\u00edculo, deixando-o totalmente regularizado e em seguran\u00e7a para rodar\u201d<\/strong>, diz.<\/em><\/p>\n\n\n\n<figure class=\"wp-block-image size-full\"><img loading=\"lazy\" decoding=\"async\" width=\"300\" height=\"180\" src=\"https:\/\/radiostudiow.com.br\/site\/wp-content\/uploads\/2025\/05\/SITE-PEQUENO.jpg\" alt=\"\" class=\"wp-image-38684\"\/><\/figure>\n\n\n\n<p><em>Conforme o chefe do Departamento Executivo de Ve\u00edculos do Detran-PR, Antonio Paim de Abreu Junior, o licenciamento anual \u00e9 uma exig\u00eancia legal prevista nos artigos 130 e 131 do C\u00f3digo de Tr\u00e2nsito Brasileiro (CTB). <\/em><strong><em>\u201cEle tem o objetivo de garantir que o ve\u00edculo atenda a todas as exig\u00eancias de seguran\u00e7a do Conselho Nacional do Tr\u00e2nsito (Contran). Inclusive casos espec\u00edficos como ve\u00edculos a base de GNV ou que tiveram recall tamb\u00e9m precisam de inspe\u00e7\u00e3o de seguran\u00e7a ou troca de pe\u00e7a\u201d<\/em><\/strong><em>, explica.<\/em><\/p>\n\n\n\n<p>Ap\u00f3s o pagamento, a emiss\u00e3o do documento pode ser feita em formato f\u00edsico ou digital, conforme a escolha do propriet\u00e1rio. O motorista que for flagrado circulando com um ve\u00edculo que n\u00e3o esteja licenciado estar\u00e1 cometendo uma infra\u00e7\u00e3o de tr\u00e2nsito grav\u00edssima, sujeito \u00e0 aplica\u00e7\u00e3o de multa, pontua\u00e7\u00e3o na carteira de habilita\u00e7\u00e3o e remo\u00e7\u00e3o do ve\u00edculo.<\/p>\n\n\n\n<p><strong>Confira o calend\u00e1rio:<\/strong><\/p>\n\n\n\n<p>Numera\u00e7\u00e3o final da placa e dia de pagamento<\/p>\n\n\n\n<p>1 &#8211; 15 de agosto<\/p>\n\n\n\n<p>2 &#8211; 29 de agosto<\/p>\n\n\n\n<p>3 &#8211; 10 de setembro<\/p>\n\n\n\n<p>4 &#8211; 19 de setembro<\/p>\n\n\n\n<p>5 &#8211; 30 de setembro<\/p>\n\n\n\n<p>6 &#8211; 10 de outubro<\/p>\n\n\n\n<p>7 &#8211; 20 de outubro<\/p>\n\n\n\n<p>8 &#8211; 31 de outubro<\/p>\n\n\n\n<p>9 &#8211; 14 de novembro<\/p>\n\n\n\n<p>0 &#8211; 28 de novembro<\/p>\n\n\n\n<p><em>Com informa\u00e7\u00f5es da AEN.<\/em><\/p>\n","protected":false},"excerpt":{"rendered":"<p>O Certificado de Licenciamento Anual \u00e9 um documento que comprova que o autom\u00f3vel atende aos crit\u00e9rios de seguran\u00e7a e ambientais exigidos por lei e, portanto, est\u00e1 apto a circular. No Paran\u00e1, o calend\u00e1rio de vencimento da taxa inicia na pr\u00f3xima sexta-feira, 15 de agosto, conforme o n\u00famero final da placa, sob o valor \u00fanico de [&hellip;]<\/p>\n","protected":false},"author":2,"featured_media":41229,"comment_status":"open","ping_status":"open","sticky":false,"template":"","format":"standard","meta":{"footnotes":""},"categories":[7],"tags":[172],"class_list":["post-41228","post","type-post","status-publish","format-standard","has-post-thumbnail","hentry","category-geral","tag-featured"],"amp_enabled":true,"_links":{"self":[{"href":"https:\/\/radiostudiow.com.br\/site\/wp-json\/wp\/v2\/posts\/41228","targetHints":{"allow":["GET"]}}],"collection":[{"href":"https:\/\/radiostudiow.com.br\/site\/wp-json\/wp\/v2\/posts"}],"about":[{"href":"https:\/\/radiostudiow.com.br\/site\/wp-json\/wp\/v2\/types\/post"}],"author":[{"embeddable":true,"href":"https:\/\/radiostudiow.com.br\/site\/wp-json\/wp\/v2\/users\/2"}],"replies":[{"embeddable":true,"href":"https:\/\/radiostudiow.com.br\/site\/wp-json\/wp\/v2\/comments?post=41228"}],"version-history":[{"count":1,"href":"https:\/\/radiostudiow.com.br\/site\/wp-json\/wp\/v2\/posts\/41228\/revisions"}],"predecessor-version":[{"id":41230,"href":"https:\/\/radiostudiow.com.br\/site\/wp-json\/wp\/v2\/posts\/41228\/revisions\/41230"}],"wp:featuredmedia":[{"embeddable":true,"href":"https:\/\/radiostudiow.com.br\/site\/wp-json\/wp\/v2\/media\/41229"}],"wp:attachment":[{"href":"https:\/\/radiostudiow.com.br\/site\/wp-json\/wp\/v2\/media?parent=41228"}],"wp:term":[{"taxonomy":"category","embeddable":true,"href":"https:\/\/radiostudiow.com.br\/site\/wp-json\/wp\/v2\/categories?post=41228"},{"taxonomy":"post_tag","embeddable":true,"href":"https:\/\/radiostudiow.com.br\/site\/wp-json\/wp\/v2\/tags?post=41228"}],"curies":[{"name":"wp","href":"https:\/\/api.w.org\/{rel}","templated":true}]}}