{"id":41270,"date":"2025-08-13T10:17:17","date_gmt":"2025-08-13T13:17:17","guid":{"rendered":"https:\/\/radiostudiow.com.br\/site\/?p=41270"},"modified":"2025-08-13T10:17:18","modified_gmt":"2025-08-13T13:17:18","slug":"motorista-embriagado-atropela-ciclista-e-e-preso-pela-policia-militar-em-mallet","status":"publish","type":"post","link":"https:\/\/radiostudiow.com.br\/site\/2025\/08\/13\/motorista-embriagado-atropela-ciclista-e-e-preso-pela-policia-militar-em-mallet\/","title":{"rendered":"Motorista embriagado atropela ciclista e \u00e9 preso pela Pol\u00edcia Militar em Mallet"},"content":{"rendered":"\n<figure class=\"wp-block-image size-full\"><img loading=\"lazy\" decoding=\"async\" width=\"897\" height=\"204\" src=\"https:\/\/radiostudiow.com.br\/site\/wp-content\/uploads\/2025\/03\/BARAO-NOVO-NOTICIAS-1.jpg\" alt=\"\" class=\"wp-image-35084\" srcset=\"https:\/\/radiostudiow.com.br\/site\/wp-content\/uploads\/2025\/03\/BARAO-NOVO-NOTICIAS-1.jpg 897w, https:\/\/radiostudiow.com.br\/site\/wp-content\/uploads\/2025\/03\/BARAO-NOVO-NOTICIAS-1-300x68.jpg 300w, https:\/\/radiostudiow.com.br\/site\/wp-content\/uploads\/2025\/03\/BARAO-NOVO-NOTICIAS-1-768x175.jpg 768w\" sizes=\"auto, (max-width: 897px) 100vw, 897px\" \/><\/figure>\n\n\n\n<p><\/p>\n\n\n\n<p class=\"has-medium-font-size\"><strong>A Pol\u00edcia Militar de Mallet prendeu, na noite desta ter\u00e7a-feira (12), um homem acusado de atropelar um ciclista e fugir sem prestar socorro. O caso aconteceu por volta das 18h30, na esquina das ruas Jo\u00e3o Gualberto e Munhoz de Carvalho, no Centro da cidade.<\/strong><\/p>\n\n\n\n<p>Segundo informa\u00e7\u00f5es da PM, a v\u00edtima foi atingida por um autom\u00f3vel cujo condutor se evadiu do local. Com base nas caracter\u00edsticas repassadas, a equipe iniciou buscas pelos bairros, localizando o ve\u00edculo e o motorista denunciado.<\/p>\n\n\n\n<p class=\"has-medium-font-size\">O condutor foi submetido ao teste do baf\u00f4metro, que registrou 1,27 mg\/L de \u00e1lcool no sangue \u2014 valor muito acima do limite permitido por lei. A embriaguez foi confirmada e, diante da situa\u00e7\u00e3o, o homem recebeu voz de pris\u00e3o por crimes de tr\u00e2nsito, sendo encaminhado \u00e0 Delegacia de Pol\u00edcia Civil para as provid\u00eancias cab\u00edveis.<\/p>\n\n\n\n<p style=\"font-size:21px\"><strong>Imagens do atropelamento, registradas por c\u00e2meras de seguran\u00e7a de uma propriedade pr\u00f3xima, circulam nas redes sociais e refor\u00e7am a gravidade do ocorrido.<\/strong><\/p>\n\n\n\n<figure class=\"wp-block-video\"><video height=\"216\" style=\"aspect-ratio: 384 \/ 216;\" width=\"384\" controls src=\"https:\/\/radiostudiow.com.br\/site\/wp-content\/uploads\/2025\/08\/WhatsApp-Video-2025-08-13-at-09.46.16.mp4\"><\/video><\/figure>\n\n\n\n<figure class=\"wp-block-image size-full\"><img loading=\"lazy\" decoding=\"async\" width=\"897\" height=\"204\" src=\"https:\/\/radiostudiow.com.br\/site\/wp-content\/uploads\/2025\/02\/SITE-GRANDE7.png\" alt=\"\" class=\"wp-image-33861\" srcset=\"https:\/\/radiostudiow.com.br\/site\/wp-content\/uploads\/2025\/02\/SITE-GRANDE7.png 897w, https:\/\/radiostudiow.com.br\/site\/wp-content\/uploads\/2025\/02\/SITE-GRANDE7-300x68.png 300w, https:\/\/radiostudiow.com.br\/site\/wp-content\/uploads\/2025\/02\/SITE-GRANDE7-768x175.png 768w\" sizes=\"auto, (max-width: 897px) 100vw, 897px\" \/><\/figure>\n\n\n\n<p><\/p>\n\n\n\n<p>A Pol\u00edcia Militar refor\u00e7a a import\u00e2ncia de que condutores respeitem as leis de tr\u00e2nsito e alerta que dirigir sob efeito de \u00e1lcool \u00e9 crime, com penas que incluem multa, suspens\u00e3o da carteira e pris\u00e3o.<\/p>\n\n\n\n<p>Os Brigadistas Comunit\u00e1rios foram acionados e encaminharam a v\u00edtima masculina para o Hospital S\u00e3o Pedro.<\/p>\n\n\n\n<h2 class=\"wp-block-heading\"><strong>Fonte: 27\u00ba BPM\/BRIGADISTAS COMUNIT\u00c1RIOS<\/strong><\/h2>\n","protected":false},"excerpt":{"rendered":"<p>A Pol\u00edcia Militar de Mallet prendeu, na noite desta ter\u00e7a-feira (12), um homem acusado de atropelar um ciclista e fugir sem prestar socorro. O caso aconteceu por volta das 18h30, na esquina das ruas Jo\u00e3o Gualberto e Munhoz de Carvalho, no Centro da cidade. Segundo informa\u00e7\u00f5es da PM, a v\u00edtima foi atingida por um autom\u00f3vel [&hellip;]<\/p>\n","protected":false},"author":2,"featured_media":41272,"comment_status":"open","ping_status":"open","sticky":false,"template":"","format":"standard","meta":{"footnotes":""},"categories":[184],"tags":[172],"class_list":["post-41270","post","type-post","status-publish","format-standard","has-post-thumbnail","hentry","category-local","tag-featured"],"amp_enabled":true,"_links":{"self":[{"href":"https:\/\/radiostudiow.com.br\/site\/wp-json\/wp\/v2\/posts\/41270","targetHints":{"allow":["GET"]}}],"collection":[{"href":"https:\/\/radiostudiow.com.br\/site\/wp-json\/wp\/v2\/posts"}],"about":[{"href":"https:\/\/radiostudiow.com.br\/site\/wp-json\/wp\/v2\/types\/post"}],"author":[{"embeddable":true,"href":"https:\/\/radiostudiow.com.br\/site\/wp-json\/wp\/v2\/users\/2"}],"replies":[{"embeddable":true,"href":"https:\/\/radiostudiow.com.br\/site\/wp-json\/wp\/v2\/comments?post=41270"}],"version-history":[{"count":1,"href":"https:\/\/radiostudiow.com.br\/site\/wp-json\/wp\/v2\/posts\/41270\/revisions"}],"predecessor-version":[{"id":41273,"href":"https:\/\/radiostudiow.com.br\/site\/wp-json\/wp\/v2\/posts\/41270\/revisions\/41273"}],"wp:featuredmedia":[{"embeddable":true,"href":"https:\/\/radiostudiow.com.br\/site\/wp-json\/wp\/v2\/media\/41272"}],"wp:attachment":[{"href":"https:\/\/radiostudiow.com.br\/site\/wp-json\/wp\/v2\/media?parent=41270"}],"wp:term":[{"taxonomy":"category","embeddable":true,"href":"https:\/\/radiostudiow.com.br\/site\/wp-json\/wp\/v2\/categories?post=41270"},{"taxonomy":"post_tag","embeddable":true,"href":"https:\/\/radiostudiow.com.br\/site\/wp-json\/wp\/v2\/tags?post=41270"}],"curies":[{"name":"wp","href":"https:\/\/api.w.org\/{rel}","templated":true}]}}