{"id":4136,"date":"2021-10-25T14:46:06","date_gmt":"2021-10-25T17:46:06","guid":{"rendered":"https:\/\/radiostudiow.com.br\/site\/?p=4136"},"modified":"2025-01-31T15:12:25","modified_gmt":"2025-01-31T18:12:25","slug":"malletense-e-agredida-pelo-convivente-em-um-bar","status":"publish","type":"post","link":"https:\/\/radiostudiow.com.br\/site\/2021\/10\/25\/malletense-e-agredida-pelo-convivente-em-um-bar\/","title":{"rendered":"Mulher \u00e9 agredida pelo convivente em um bar de Mallet"},"content":{"rendered":"\n<p>Uma mulher compareceu ao Pelot\u00e3o da Pol\u00edcia Militar de Mallet ap\u00f3s uma situa\u00e7\u00e3o de Les\u00e3o Corporal por volta das 22:30 horas desse s\u00e1bado (23).<\/p>\n\n\n\n<p>De acordo com a solicitante, ela estava em um bar com seu convivente e um amigo e em determinado momento foi agredida com um tapa no nariz desferido pelo convivente.<\/p>\n\n\n\n<p>A v\u00edtima ainda relatou que ap\u00f3s o fato o autor evadiu se do local.<\/p>\n\n\n\n<p>Diante da situa\u00e7\u00e3o os policiais orientaram a mulher quanto \u00e0 representa\u00e7\u00e3o.<\/p>\n\n\n\n<figure class=\"wp-block-image size-full\"><img decoding=\"async\" src=\"https:\/\/radiostudiow.com.br\/site\/wp-content\/uploads\/2021\/08\/240387432_2992083691066122_4820772207429196742_n.jpg\" alt=\"\" class=\"wp-image-3380\"\/><\/figure>\n","protected":false},"excerpt":{"rendered":"<p>Uma mulher compareceu ao Pelot\u00e3o da Pol\u00edcia Militar de Mallet ap\u00f3s uma situa\u00e7\u00e3o de Les\u00e3o Corporal por volta das 22:30 horas desse s\u00e1bado (23). De acordo com a solicitante, ela estava em um bar com seu convivente e um amigo e em determinado momento foi agredida com um tapa no nariz desferido pelo convivente. A [&hellip;]<\/p>\n","protected":false},"author":2,"featured_media":3591,"comment_status":"open","ping_status":"open","sticky":false,"template":"","format":"standard","meta":{"footnotes":""},"categories":[2],"tags":[172],"class_list":["post-4136","post","type-post","status-publish","format-standard","has-post-thumbnail","hentry","category-policial","tag-featured"],"amp_enabled":true,"_links":{"self":[{"href":"https:\/\/radiostudiow.com.br\/site\/wp-json\/wp\/v2\/posts\/4136","targetHints":{"allow":["GET"]}}],"collection":[{"href":"https:\/\/radiostudiow.com.br\/site\/wp-json\/wp\/v2\/posts"}],"about":[{"href":"https:\/\/radiostudiow.com.br\/site\/wp-json\/wp\/v2\/types\/post"}],"author":[{"embeddable":true,"href":"https:\/\/radiostudiow.com.br\/site\/wp-json\/wp\/v2\/users\/2"}],"replies":[{"embeddable":true,"href":"https:\/\/radiostudiow.com.br\/site\/wp-json\/wp\/v2\/comments?post=4136"}],"version-history":[{"count":2,"href":"https:\/\/radiostudiow.com.br\/site\/wp-json\/wp\/v2\/posts\/4136\/revisions"}],"predecessor-version":[{"id":4138,"href":"https:\/\/radiostudiow.com.br\/site\/wp-json\/wp\/v2\/posts\/4136\/revisions\/4138"}],"wp:featuredmedia":[{"embeddable":true,"href":"https:\/\/radiostudiow.com.br\/site\/wp-json\/wp\/v2\/media\/3591"}],"wp:attachment":[{"href":"https:\/\/radiostudiow.com.br\/site\/wp-json\/wp\/v2\/media?parent=4136"}],"wp:term":[{"taxonomy":"category","embeddable":true,"href":"https:\/\/radiostudiow.com.br\/site\/wp-json\/wp\/v2\/categories?post=4136"},{"taxonomy":"post_tag","embeddable":true,"href":"https:\/\/radiostudiow.com.br\/site\/wp-json\/wp\/v2\/tags?post=4136"}],"curies":[{"name":"wp","href":"https:\/\/api.w.org\/{rel}","templated":true}]}}