{"id":4139,"date":"2021-10-25T15:26:01","date_gmt":"2021-10-25T18:26:01","guid":{"rendered":"https:\/\/radiostudiow.com.br\/site\/?p=4139"},"modified":"2025-01-31T15:12:25","modified_gmt":"2025-01-31T18:12:25","slug":"policia-divulga-detalhes-de-morte-do-trabalhador-em-paulo-frontin","status":"publish","type":"post","link":"https:\/\/radiostudiow.com.br\/site\/2021\/10\/25\/policia-divulga-detalhes-de-morte-do-trabalhador-em-paulo-frontin\/","title":{"rendered":"Pol\u00edcia divulga detalhes de morte do trabalhador em Paulo Frontin"},"content":{"rendered":"\n<p>A equipe da Pol\u00edcia Militar do 27\u00ba Batalh\u00e3o divulgou detalhes da situa\u00e7\u00e3o atendida durante esse s\u00e1bado, 24 de outubro, aonde um trabalhador foi encontrado morto na Linha Igua\u00e7u, \u00e1rea rural de Paulo Frontin.<\/p>\n\n\n\n<p>De acordo com o relat\u00f3rio policial, uma pessoa entrou em contato relatando que havia sido encontrado o homem de 42 anos, identificado como Marcio Pichur, o qual estava sem vida e preso nas ferragens de uma colheitadeira.<\/p>\n\n\n\n<p>A Pol\u00edcia Militar levantou atrav\u00e9s de testemunhas que o homem tinha sido visto pela \u00faltima vez trabalhando em sua lavoura com o equipamento agr\u00edcola por volta das 21:00 horas dessa quinta-feira, 21 de outubro, sendo que somente neste s\u00e1bado (23) seu corpo foi encontrado.<\/p>\n\n\n\n<p>No local da trag\u00e9dia os policiais ainda encontrou um trator com carreta ao lado da colheitadeira.<\/p>\n\n\n\n<p>O local foi isolado e a Pol\u00edcia Cientifica foi acionada. O Instituto M\u00e9dico Legal \u2013 IML fez o recolhimento do corpo.<\/p>\n\n\n\n<figure class=\"wp-block-image size-full\"><img decoding=\"async\" src=\"https:\/\/radiostudiow.com.br\/site\/wp-content\/uploads\/2021\/09\/NUTRI-MALLET.jpg\" alt=\"\" class=\"wp-image-3543\"\/><\/figure>\n","protected":false},"excerpt":{"rendered":"<p>A equipe da Pol\u00edcia Militar do 27\u00ba Batalh\u00e3o divulgou detalhes da situa\u00e7\u00e3o atendida durante esse s\u00e1bado, 24 de outubro, aonde um trabalhador foi encontrado morto na Linha Igua\u00e7u, \u00e1rea rural de Paulo Frontin. De acordo com o relat\u00f3rio policial, uma pessoa entrou em contato relatando que havia sido encontrado o homem de 42 anos, identificado [&hellip;]<\/p>\n","protected":false},"author":2,"featured_media":3614,"comment_status":"open","ping_status":"open","sticky":false,"template":"","format":"standard","meta":{"footnotes":""},"categories":[2],"tags":[172],"class_list":["post-4139","post","type-post","status-publish","format-standard","has-post-thumbnail","hentry","category-policial","tag-featured"],"amp_enabled":true,"_links":{"self":[{"href":"https:\/\/radiostudiow.com.br\/site\/wp-json\/wp\/v2\/posts\/4139","targetHints":{"allow":["GET"]}}],"collection":[{"href":"https:\/\/radiostudiow.com.br\/site\/wp-json\/wp\/v2\/posts"}],"about":[{"href":"https:\/\/radiostudiow.com.br\/site\/wp-json\/wp\/v2\/types\/post"}],"author":[{"embeddable":true,"href":"https:\/\/radiostudiow.com.br\/site\/wp-json\/wp\/v2\/users\/2"}],"replies":[{"embeddable":true,"href":"https:\/\/radiostudiow.com.br\/site\/wp-json\/wp\/v2\/comments?post=4139"}],"version-history":[{"count":1,"href":"https:\/\/radiostudiow.com.br\/site\/wp-json\/wp\/v2\/posts\/4139\/revisions"}],"predecessor-version":[{"id":4140,"href":"https:\/\/radiostudiow.com.br\/site\/wp-json\/wp\/v2\/posts\/4139\/revisions\/4140"}],"wp:featuredmedia":[{"embeddable":true,"href":"https:\/\/radiostudiow.com.br\/site\/wp-json\/wp\/v2\/media\/3614"}],"wp:attachment":[{"href":"https:\/\/radiostudiow.com.br\/site\/wp-json\/wp\/v2\/media?parent=4139"}],"wp:term":[{"taxonomy":"category","embeddable":true,"href":"https:\/\/radiostudiow.com.br\/site\/wp-json\/wp\/v2\/categories?post=4139"},{"taxonomy":"post_tag","embeddable":true,"href":"https:\/\/radiostudiow.com.br\/site\/wp-json\/wp\/v2\/tags?post=4139"}],"curies":[{"name":"wp","href":"https:\/\/api.w.org\/{rel}","templated":true}]}}