{"id":4145,"date":"2021-10-25T15:46:46","date_gmt":"2021-10-25T18:46:46","guid":{"rendered":"https:\/\/radiostudiow.com.br\/site\/?p=4145"},"modified":"2025-01-31T15:12:25","modified_gmt":"2025-01-31T18:12:25","slug":"comunicado-importante-da-delegacia-de-mallet","status":"publish","type":"post","link":"https:\/\/radiostudiow.com.br\/site\/2021\/10\/25\/comunicado-importante-da-delegacia-de-mallet\/","title":{"rendered":"COMUNICADO IMPORTANTE DA DELEGACIA DE MALLET"},"content":{"rendered":"\n<p>A Delegacia est\u00e1 funcionando apenas em hor\u00e1rio de expediente e os flagrantes fora deste hor\u00e1rio est\u00e3o sendo centralizados em Uni\u00e3o da Vit\u00f3ria. Estamos trabalhando com uma escala de sobreaviso para solicita\u00e7\u00e3o de medidas protetivas de urg\u00eancias durante os finais de semana.<\/p>\n\n\n\n<p><br>No caso de pris\u00e3o em flagrante, a medida protetiva \u00e9 solicitada pela 4\u00aa SDP de Uni\u00e3o da Vit\u00f3ria.<\/p>\n\n\n\n<p><strong>Se n\u00e3o for caso de flagrante, a v\u00edtima pode acionar a 10\u00aa DRP de Mallet atrav\u00e9s do whatsapp: 42 3542 1249<\/strong><\/p>\n\n\n\n<figure class=\"wp-block-image size-full\"><img decoding=\"async\" src=\"https:\/\/radiostudiow.com.br\/site\/wp-content\/uploads\/2021\/08\/vem_ai.jpg\" alt=\"\" class=\"wp-image-3354\"\/><\/figure>\n\n\n\n<figure class=\"wp-block-image size-large\"><img loading=\"lazy\" decoding=\"async\" width=\"768\" height=\"1024\" src=\"https:\/\/radiostudiow.com.br\/site\/wp-content\/uploads\/2021\/10\/047e2378-1f64-4735-a65c-c3654e967211-768x1024.jpg\" alt=\"\" class=\"wp-image-4147\" srcset=\"https:\/\/radiostudiow.com.br\/site\/wp-content\/uploads\/2021\/10\/047e2378-1f64-4735-a65c-c3654e967211-768x1024.jpg 768w, https:\/\/radiostudiow.com.br\/site\/wp-content\/uploads\/2021\/10\/047e2378-1f64-4735-a65c-c3654e967211-225x300.jpg 225w, https:\/\/radiostudiow.com.br\/site\/wp-content\/uploads\/2021\/10\/047e2378-1f64-4735-a65c-c3654e967211-1152x1536.jpg 1152w, https:\/\/radiostudiow.com.br\/site\/wp-content\/uploads\/2021\/10\/047e2378-1f64-4735-a65c-c3654e967211.jpg 1200w\" sizes=\"auto, (max-width: 768px) 100vw, 768px\" \/><\/figure>\n","protected":false},"excerpt":{"rendered":"<p>A Delegacia est\u00e1 funcionando apenas em hor\u00e1rio de expediente e os flagrantes fora deste hor\u00e1rio est\u00e3o sendo centralizados em Uni\u00e3o da Vit\u00f3ria. Estamos trabalhando com uma escala de sobreaviso para solicita\u00e7\u00e3o de medidas protetivas de urg\u00eancias durante os finais de semana. No caso de pris\u00e3o em flagrante, a medida protetiva \u00e9 solicitada pela 4\u00aa SDP [&hellip;]<\/p>\n","protected":false},"author":2,"featured_media":4146,"comment_status":"open","ping_status":"open","sticky":false,"template":"","format":"standard","meta":{"footnotes":""},"categories":[7],"tags":[172],"class_list":["post-4145","post","type-post","status-publish","format-standard","has-post-thumbnail","hentry","category-geral","tag-featured"],"amp_enabled":true,"_links":{"self":[{"href":"https:\/\/radiostudiow.com.br\/site\/wp-json\/wp\/v2\/posts\/4145","targetHints":{"allow":["GET"]}}],"collection":[{"href":"https:\/\/radiostudiow.com.br\/site\/wp-json\/wp\/v2\/posts"}],"about":[{"href":"https:\/\/radiostudiow.com.br\/site\/wp-json\/wp\/v2\/types\/post"}],"author":[{"embeddable":true,"href":"https:\/\/radiostudiow.com.br\/site\/wp-json\/wp\/v2\/users\/2"}],"replies":[{"embeddable":true,"href":"https:\/\/radiostudiow.com.br\/site\/wp-json\/wp\/v2\/comments?post=4145"}],"version-history":[{"count":5,"href":"https:\/\/radiostudiow.com.br\/site\/wp-json\/wp\/v2\/posts\/4145\/revisions"}],"predecessor-version":[{"id":4171,"href":"https:\/\/radiostudiow.com.br\/site\/wp-json\/wp\/v2\/posts\/4145\/revisions\/4171"}],"wp:featuredmedia":[{"embeddable":true,"href":"https:\/\/radiostudiow.com.br\/site\/wp-json\/wp\/v2\/media\/4146"}],"wp:attachment":[{"href":"https:\/\/radiostudiow.com.br\/site\/wp-json\/wp\/v2\/media?parent=4145"}],"wp:term":[{"taxonomy":"category","embeddable":true,"href":"https:\/\/radiostudiow.com.br\/site\/wp-json\/wp\/v2\/categories?post=4145"},{"taxonomy":"post_tag","embeddable":true,"href":"https:\/\/radiostudiow.com.br\/site\/wp-json\/wp\/v2\/tags?post=4145"}],"curies":[{"name":"wp","href":"https:\/\/api.w.org\/{rel}","templated":true}]}}