{"id":41453,"date":"2025-08-18T18:06:29","date_gmt":"2025-08-18T21:06:29","guid":{"rendered":"https:\/\/radiostudiow.com.br\/site\/?p=41453"},"modified":"2025-08-18T18:06:29","modified_gmt":"2025-08-18T21:06:29","slug":"inss-mais-de-30-milhoes-de-beneficiarios-ja-fizeram-a-prova-de-vida-em-2025","status":"publish","type":"post","link":"https:\/\/radiostudiow.com.br\/site\/2025\/08\/18\/inss-mais-de-30-milhoes-de-beneficiarios-ja-fizeram-a-prova-de-vida-em-2025\/","title":{"rendered":"INSS: mais de 30 milh\u00f5es de benefici\u00e1rios j\u00e1 fizeram a Prova de Vida em 2025"},"content":{"rendered":"\n<p>Em 2025, mais de 30,5 milh\u00f5es de benefici\u00e1rios do Instituto Nacional do Seguro Social (INSS) j\u00e1 realizaram a Prova de Vida, procedimento anual que garante a continuidade dos pagamentos previdenci\u00e1rios.<\/p>\n\n\n\n<p>O n\u00famero corresponde a cerca de 90% dos benefici\u00e1rios obrigados a fazer a comprova\u00e7\u00e3o para manter os benef\u00edcios ativos.<\/p>\n\n\n\n<blockquote class=\"wp-block-quote is-layout-flow wp-block-quote-is-layout-flow\">\n<p>\u201c\u00c9 um procedimento importante para evitar fraudes e pagamentos indevidos, e ocorre periodicamente\u201d, destacou a Secretaria de Comunica\u00e7\u00e3o Social da Presid\u00eancia da Rep\u00fablica (Secom).<\/p>\n<\/blockquote>\n\n\n\n<figure class=\"wp-block-image size-full\"><img loading=\"lazy\" decoding=\"async\" width=\"897\" height=\"204\" src=\"https:\/\/radiostudiow.com.br\/site\/wp-content\/uploads\/2025\/01\/SITE-GRANDE3.png\" alt=\"\" class=\"wp-image-32900\" srcset=\"https:\/\/radiostudiow.com.br\/site\/wp-content\/uploads\/2025\/01\/SITE-GRANDE3.png 897w, https:\/\/radiostudiow.com.br\/site\/wp-content\/uploads\/2025\/01\/SITE-GRANDE3-300x68.png 300w, https:\/\/radiostudiow.com.br\/site\/wp-content\/uploads\/2025\/01\/SITE-GRANDE3-768x175.png 768w\" sizes=\"auto, (max-width: 897px) 100vw, 897px\" \/><\/figure>\n\n\n\n<p>A Prova de Vida \u00e9 feita principalmente por cruzamento de dados oficiais, dispensando a ida ao banco ou o acesso ao aplicativo Meu INSS para a maioria dos benefici\u00e1rios. Para quem n\u00e3o \u00e9 localizado pelo sistema, uma notifica\u00e7\u00e3o espec\u00edfica \u00e9 enviada pelo banco respons\u00e1vel pelo pagamento.<\/p>\n\n\n\n<p><strong>Golpes contra aposentados e pensionistas<\/strong><br>O governo alerta que criminosos t\u00eam tentado enganar aposentados e pensionistas com mensagens e liga\u00e7\u00f5es falsas, amea\u00e7ando bloqueio do benef\u00edcio e pedindo dados pessoais ou agendamentos falsos.<\/p>\n\n\n\n<p>O INSS&nbsp;<strong>n\u00e3o<\/strong>&nbsp;solicita Prova de Vida por telefone, WhatsApp, SMS ou aplicativos, nem envia servidores \u00e0s resid\u00eancias para recolher documentos.<\/p>\n\n\n\n<blockquote class=\"wp-block-quote is-layout-flow wp-block-quote-is-layout-flow\">\n<p>\u201cDesconfie de qualquer contato fora dos canais oficiais. Nunca informe dados pessoais, senhas ou documentos a desconhecidos\u201d, orientou a Secom.<\/p>\n<\/blockquote>\n\n\n\n<figure class=\"wp-block-image size-full\"><img loading=\"lazy\" decoding=\"async\" width=\"897\" height=\"204\" src=\"https:\/\/radiostudiow.com.br\/site\/wp-content\/uploads\/2025\/06\/BARROS.png\" alt=\"\" class=\"wp-image-39575\" srcset=\"https:\/\/radiostudiow.com.br\/site\/wp-content\/uploads\/2025\/06\/BARROS.png 897w, https:\/\/radiostudiow.com.br\/site\/wp-content\/uploads\/2025\/06\/BARROS-300x68.png 300w, https:\/\/radiostudiow.com.br\/site\/wp-content\/uploads\/2025\/06\/BARROS-768x175.png 768w\" sizes=\"auto, (max-width: 897px) 100vw, 897px\" \/><\/figure>\n\n\n\n<p><strong>Como verificar a Prova de Vida<\/strong><br>Benefici\u00e1rios podem consultar a necessidade de atualiza\u00e7\u00e3o pelo aplicativo ou site Meu INSS e pelo telefone 135, dispon\u00edvel de segunda a s\u00e1bado, das 7h \u00e0s 22h.<\/p>\n\n\n\n<p>No Meu INSS, basta fazer login com CPF e senha e acessar o servi\u00e7o \u201cProva de Vida\u201d. Se constar a data da \u00faltima atualiza\u00e7\u00e3o, o procedimento est\u00e1 regularizado. Caso apare\u00e7a a mensagem \u201cComprova\u00e7\u00e3o de vida n\u00e3o realizada\u201d, ser\u00e1 necess\u00e1rio regularizar a situa\u00e7\u00e3o, segundo o Planalto.<\/p>\n","protected":false},"excerpt":{"rendered":"<p>Em 2025, mais de 30,5 milh\u00f5es de benefici\u00e1rios do Instituto Nacional do Seguro Social (INSS) j\u00e1 realizaram a Prova de Vida, procedimento anual que garante a continuidade dos pagamentos previdenci\u00e1rios. O n\u00famero corresponde a cerca de 90% dos benefici\u00e1rios obrigados a fazer a comprova\u00e7\u00e3o para manter os benef\u00edcios ativos. \u201c\u00c9 um procedimento importante para evitar [&hellip;]<\/p>\n","protected":false},"author":2,"featured_media":41454,"comment_status":"open","ping_status":"open","sticky":false,"template":"","format":"standard","meta":{"footnotes":""},"categories":[7],"tags":[172],"class_list":["post-41453","post","type-post","status-publish","format-standard","has-post-thumbnail","hentry","category-geral","tag-featured"],"amp_enabled":true,"_links":{"self":[{"href":"https:\/\/radiostudiow.com.br\/site\/wp-json\/wp\/v2\/posts\/41453","targetHints":{"allow":["GET"]}}],"collection":[{"href":"https:\/\/radiostudiow.com.br\/site\/wp-json\/wp\/v2\/posts"}],"about":[{"href":"https:\/\/radiostudiow.com.br\/site\/wp-json\/wp\/v2\/types\/post"}],"author":[{"embeddable":true,"href":"https:\/\/radiostudiow.com.br\/site\/wp-json\/wp\/v2\/users\/2"}],"replies":[{"embeddable":true,"href":"https:\/\/radiostudiow.com.br\/site\/wp-json\/wp\/v2\/comments?post=41453"}],"version-history":[{"count":1,"href":"https:\/\/radiostudiow.com.br\/site\/wp-json\/wp\/v2\/posts\/41453\/revisions"}],"predecessor-version":[{"id":41455,"href":"https:\/\/radiostudiow.com.br\/site\/wp-json\/wp\/v2\/posts\/41453\/revisions\/41455"}],"wp:featuredmedia":[{"embeddable":true,"href":"https:\/\/radiostudiow.com.br\/site\/wp-json\/wp\/v2\/media\/41454"}],"wp:attachment":[{"href":"https:\/\/radiostudiow.com.br\/site\/wp-json\/wp\/v2\/media?parent=41453"}],"wp:term":[{"taxonomy":"category","embeddable":true,"href":"https:\/\/radiostudiow.com.br\/site\/wp-json\/wp\/v2\/categories?post=41453"},{"taxonomy":"post_tag","embeddable":true,"href":"https:\/\/radiostudiow.com.br\/site\/wp-json\/wp\/v2\/tags?post=41453"}],"curies":[{"name":"wp","href":"https:\/\/api.w.org\/{rel}","templated":true}]}}