{"id":41500,"date":"2025-08-20T15:23:58","date_gmt":"2025-08-20T18:23:58","guid":{"rendered":"https:\/\/radiostudiow.com.br\/site\/?p=41500"},"modified":"2025-08-20T15:27:36","modified_gmt":"2025-08-20T18:27:36","slug":"parana-tera-o-menor-ipva-do-brasil-a-partir-de-2026","status":"publish","type":"post","link":"https:\/\/radiostudiow.com.br\/site\/2025\/08\/20\/parana-tera-o-menor-ipva-do-brasil-a-partir-de-2026\/","title":{"rendered":"Paran\u00e1 ter\u00e1 o menor IPVA do Brasil a partir de 2026"},"content":{"rendered":"\n<figure class=\"wp-block-image size-full\"><img loading=\"lazy\" decoding=\"async\" width=\"897\" height=\"207\" src=\"https:\/\/radiostudiow.com.br\/site\/wp-content\/uploads\/2025\/07\/TIJOLAO.png\" alt=\"\" class=\"wp-image-40184\" srcset=\"https:\/\/radiostudiow.com.br\/site\/wp-content\/uploads\/2025\/07\/TIJOLAO.png 897w, https:\/\/radiostudiow.com.br\/site\/wp-content\/uploads\/2025\/07\/TIJOLAO-300x69.png 300w, https:\/\/radiostudiow.com.br\/site\/wp-content\/uploads\/2025\/07\/TIJOLAO-768x177.png 768w\" sizes=\"auto, (max-width: 897px) 100vw, 897px\" \/><\/figure>\n\n\n\n<p style=\"font-size:24px\"><strong>O Paran\u00e1 vai reduzir a al\u00edquota do Imposto sobre a Propriedade de Ve\u00edculos Automotores (IPVA) de 3,5% para 1,9% a partir de 2026, tornando-se o estado com o menor imposto do pa\u00eds. A medida, anunciada pelo governador Ratinho Junior, beneficiar\u00e1 3,4 milh\u00f5es de propriet\u00e1rios, cerca de 83% da frota tributada, incluindo autom\u00f3veis, motocicletas acima de 170 cilindradas, caminhonetes, camionetas e outros ve\u00edculos.<\/strong><\/p>\n\n\n\n<p>Segundo o secret\u00e1rio da Fazenda, Norberto Ortigara, a redu\u00e7\u00e3o dar\u00e1 mais dinheiro no bolso do paranaense, estimulando o consumo e a economia local. Ve\u00edculos especiais, como \u00f4nibus, caminh\u00f5es, utilit\u00e1rios de carga e movidos a GNV, manter\u00e3o a al\u00edquota de 1%. Para equilibrar a redu\u00e7\u00e3o, a multa por atraso no pagamento do IPVA passar\u00e1 de 10% para 20%, mantendo juros e multa di\u00e1ria de 0,33% ao dia.<\/p>\n\n\n\n<p><\/p>\n\n\n\n<figure class=\"wp-block-image size-full\"><img loading=\"lazy\" decoding=\"async\" width=\"598\" height=\"204\" src=\"https:\/\/radiostudiow.com.br\/site\/wp-content\/uploads\/2025\/04\/BOROX.png\" alt=\"\" class=\"wp-image-37229\" srcset=\"https:\/\/radiostudiow.com.br\/site\/wp-content\/uploads\/2025\/04\/BOROX.png 598w, https:\/\/radiostudiow.com.br\/site\/wp-content\/uploads\/2025\/04\/BOROX-300x102.png 300w\" sizes=\"auto, (max-width: 598px) 100vw, 598px\" \/><\/figure>\n\n\n\n<p style=\"font-size:27px\"><strong>Essa \u00e9 a segunda grande mudan\u00e7a no IPVA promovida pelo governo Ratinho Junior, que no ano passado isentou motocicletas de at\u00e9 170 cilindradas, beneficiando mais de 732 mil pessoas.<\/strong><\/p>\n\n\n\n<figure class=\"wp-block-image size-large\"><img loading=\"lazy\" decoding=\"async\" width=\"1024\" height=\"682\" src=\"https:\/\/radiostudiow.com.br\/site\/wp-content\/uploads\/2025\/08\/whatsapp_image_2025-08-20_at_08.53.05-1024x682.jpg\" alt=\"\" class=\"wp-image-41501\" srcset=\"https:\/\/radiostudiow.com.br\/site\/wp-content\/uploads\/2025\/08\/whatsapp_image_2025-08-20_at_08.53.05-1024x682.jpg 1024w, https:\/\/radiostudiow.com.br\/site\/wp-content\/uploads\/2025\/08\/whatsapp_image_2025-08-20_at_08.53.05-300x200.jpg 300w, https:\/\/radiostudiow.com.br\/site\/wp-content\/uploads\/2025\/08\/whatsapp_image_2025-08-20_at_08.53.05-768x512.jpg 768w, https:\/\/radiostudiow.com.br\/site\/wp-content\/uploads\/2025\/08\/whatsapp_image_2025-08-20_at_08.53.05.jpg 1501w\" sizes=\"auto, (max-width: 1024px) 100vw, 1024px\" \/><\/figure>\n\n\n\n<figure class=\"wp-block-image size-full\"><img loading=\"lazy\" decoding=\"async\" width=\"897\" height=\"204\" src=\"https:\/\/radiostudiow.com.br\/site\/wp-content\/uploads\/2025\/01\/SITE-GRANDE3.png\" alt=\"\" class=\"wp-image-32900\" srcset=\"https:\/\/radiostudiow.com.br\/site\/wp-content\/uploads\/2025\/01\/SITE-GRANDE3.png 897w, https:\/\/radiostudiow.com.br\/site\/wp-content\/uploads\/2025\/01\/SITE-GRANDE3-300x68.png 300w, https:\/\/radiostudiow.com.br\/site\/wp-content\/uploads\/2025\/01\/SITE-GRANDE3-768x175.png 768w\" sizes=\"auto, (max-width: 897px) 100vw, 897px\" \/><\/figure>\n\n\n\n<p><strong>Exemplos de redu\u00e7\u00e3o do IPVA<\/strong><\/p>\n\n\n\n<figure class=\"wp-block-table\"><table class=\"has-fixed-layout\"><thead><tr><th>Valor do ve\u00edculo<\/th><th>IPVA atual (3,5%)<\/th><th>IPVA em 2026 (1,9%)<\/th><\/tr><\/thead><tbody><tr><td>R$ 35.000<\/td><td>R$ 1.225<\/td><td>R$ 665<\/td><\/tr><tr><td>R$ 40.000<\/td><td>R$ 1.400<\/td><td>R$ 760<\/td><\/tr><tr><td>R$ 45.000<\/td><td>R$ 1.575<\/td><td>R$ 855<\/td><\/tr><tr><td>R$ 48.000<\/td><td>R$ 1.680<\/td><td>R$ 912<\/td><\/tr><tr><td>R$ 50.000<\/td><td>R$ 1.750<\/td><td>R$ 950<\/td><\/tr><tr><td>R$ 60.000<\/td><td>R$ 2.100<\/td><td>R$ 1.140<\/td><\/tr><tr><td>R$ 80.000<\/td><td>R$ 2.800<\/td><td>R$ 1.520<\/td><\/tr><tr><td>R$ 100.000<\/td><td>R$ 3.500<\/td><td>R$ 1.900<\/td><\/tr><\/tbody><\/table><\/figure>\n\n\n\n<p><\/p>\n\n\n\n<h2 class=\"wp-block-heading\"><strong>Informa\u00e7\u00f5es: AEN<\/strong><\/h2>\n\n\n\n<figure class=\"wp-block-image size-full\"><img loading=\"lazy\" decoding=\"async\" width=\"897\" height=\"204\" src=\"https:\/\/radiostudiow.com.br\/site\/wp-content\/uploads\/2024\/01\/SITE-GRANDE3.png\" alt=\"zaions\" class=\"wp-image-18936\" srcset=\"https:\/\/radiostudiow.com.br\/site\/wp-content\/uploads\/2024\/01\/SITE-GRANDE3.png 897w, https:\/\/radiostudiow.com.br\/site\/wp-content\/uploads\/2024\/01\/SITE-GRANDE3-300x68.png 300w, https:\/\/radiostudiow.com.br\/site\/wp-content\/uploads\/2024\/01\/SITE-GRANDE3-768x175.png 768w\" sizes=\"auto, (max-width: 897px) 100vw, 897px\" \/><\/figure>\n","protected":false},"excerpt":{"rendered":"<p>O Paran\u00e1 vai reduzir a al\u00edquota do Imposto sobre a Propriedade de Ve\u00edculos Automotores (IPVA) de 3,5% para 1,9% a partir de 2026, tornando-se o estado com o menor imposto do pa\u00eds. A medida, anunciada pelo governador Ratinho Junior, beneficiar\u00e1 3,4 milh\u00f5es de propriet\u00e1rios, cerca de 83% da frota tributada, incluindo autom\u00f3veis, motocicletas acima de [&hellip;]<\/p>\n","protected":false},"author":2,"featured_media":41502,"comment_status":"open","ping_status":"open","sticky":false,"template":"","format":"standard","meta":{"footnotes":""},"categories":[7],"tags":[172],"class_list":["post-41500","post","type-post","status-publish","format-standard","has-post-thumbnail","hentry","category-geral","tag-featured"],"amp_enabled":true,"_links":{"self":[{"href":"https:\/\/radiostudiow.com.br\/site\/wp-json\/wp\/v2\/posts\/41500","targetHints":{"allow":["GET"]}}],"collection":[{"href":"https:\/\/radiostudiow.com.br\/site\/wp-json\/wp\/v2\/posts"}],"about":[{"href":"https:\/\/radiostudiow.com.br\/site\/wp-json\/wp\/v2\/types\/post"}],"author":[{"embeddable":true,"href":"https:\/\/radiostudiow.com.br\/site\/wp-json\/wp\/v2\/users\/2"}],"replies":[{"embeddable":true,"href":"https:\/\/radiostudiow.com.br\/site\/wp-json\/wp\/v2\/comments?post=41500"}],"version-history":[{"count":2,"href":"https:\/\/radiostudiow.com.br\/site\/wp-json\/wp\/v2\/posts\/41500\/revisions"}],"predecessor-version":[{"id":41504,"href":"https:\/\/radiostudiow.com.br\/site\/wp-json\/wp\/v2\/posts\/41500\/revisions\/41504"}],"wp:featuredmedia":[{"embeddable":true,"href":"https:\/\/radiostudiow.com.br\/site\/wp-json\/wp\/v2\/media\/41502"}],"wp:attachment":[{"href":"https:\/\/radiostudiow.com.br\/site\/wp-json\/wp\/v2\/media?parent=41500"}],"wp:term":[{"taxonomy":"category","embeddable":true,"href":"https:\/\/radiostudiow.com.br\/site\/wp-json\/wp\/v2\/categories?post=41500"},{"taxonomy":"post_tag","embeddable":true,"href":"https:\/\/radiostudiow.com.br\/site\/wp-json\/wp\/v2\/tags?post=41500"}],"curies":[{"name":"wp","href":"https:\/\/api.w.org\/{rel}","templated":true}]}}