{"id":41520,"date":"2025-08-21T11:46:19","date_gmt":"2025-08-21T14:46:19","guid":{"rendered":"https:\/\/radiostudiow.com.br\/site\/?p=41520"},"modified":"2025-08-21T11:46:20","modified_gmt":"2025-08-21T14:46:20","slug":"cumprimento-de-mandado-em-bituruna-resultam-na-prisao-de-um-homem-e-na-apreensao-de-um-adolescente","status":"publish","type":"post","link":"https:\/\/radiostudiow.com.br\/site\/2025\/08\/21\/cumprimento-de-mandado-em-bituruna-resultam-na-prisao-de-um-homem-e-na-apreensao-de-um-adolescente\/","title":{"rendered":"Cumprimento de mandado em Bituruna resultam na pris\u00e3o de um homem e na apreens\u00e3o de um adolescente"},"content":{"rendered":"\n<figure class=\"wp-block-image size-full\"><img loading=\"lazy\" decoding=\"async\" width=\"897\" height=\"204\" src=\"https:\/\/radiostudiow.com.br\/site\/wp-content\/uploads\/2025\/02\/SITE-GRANDE7.png\" alt=\"\" class=\"wp-image-33861\" srcset=\"https:\/\/radiostudiow.com.br\/site\/wp-content\/uploads\/2025\/02\/SITE-GRANDE7.png 897w, https:\/\/radiostudiow.com.br\/site\/wp-content\/uploads\/2025\/02\/SITE-GRANDE7-300x68.png 300w, https:\/\/radiostudiow.com.br\/site\/wp-content\/uploads\/2025\/02\/SITE-GRANDE7-768x175.png 768w\" sizes=\"auto, (max-width: 897px) 100vw, 897px\" \/><\/figure>\n\n\n\n<p>A equipe da ROTAM realizou o cumprimento de um mandado de pris\u00e3o e de um mandado de busca e apreens\u00e3o de adolescente, ambos no munic\u00edpio de Biruruna por volta das 16 horas quarta-feira (20).<\/p>\n\n\n\n<p>As situa\u00e7\u00f5es ocorreram no bairro S\u00e3o Pedro e S\u00e3o Jo\u00e3o ambos os alvos foram encontrados, presos e encaminhados para a Delegacia de Pol\u00edcia Civil e para o Departamento Penitenci\u00e1rio em Uni\u00e3o da Vit\u00f3ria.<\/p>\n","protected":false},"excerpt":{"rendered":"<p>A equipe da ROTAM realizou o cumprimento de um mandado de pris\u00e3o e de um mandado de busca e apreens\u00e3o de adolescente, ambos no munic\u00edpio de Biruruna por volta das 16 horas quarta-feira (20). As situa\u00e7\u00f5es ocorreram no bairro S\u00e3o Pedro e S\u00e3o Jo\u00e3o ambos os alvos foram encontrados, presos e encaminhados para a Delegacia [&hellip;]<\/p>\n","protected":false},"author":2,"featured_media":37678,"comment_status":"open","ping_status":"open","sticky":false,"template":"","format":"standard","meta":{"footnotes":""},"categories":[2],"tags":[172],"class_list":["post-41520","post","type-post","status-publish","format-standard","has-post-thumbnail","hentry","category-policial","tag-featured"],"amp_enabled":true,"_links":{"self":[{"href":"https:\/\/radiostudiow.com.br\/site\/wp-json\/wp\/v2\/posts\/41520","targetHints":{"allow":["GET"]}}],"collection":[{"href":"https:\/\/radiostudiow.com.br\/site\/wp-json\/wp\/v2\/posts"}],"about":[{"href":"https:\/\/radiostudiow.com.br\/site\/wp-json\/wp\/v2\/types\/post"}],"author":[{"embeddable":true,"href":"https:\/\/radiostudiow.com.br\/site\/wp-json\/wp\/v2\/users\/2"}],"replies":[{"embeddable":true,"href":"https:\/\/radiostudiow.com.br\/site\/wp-json\/wp\/v2\/comments?post=41520"}],"version-history":[{"count":1,"href":"https:\/\/radiostudiow.com.br\/site\/wp-json\/wp\/v2\/posts\/41520\/revisions"}],"predecessor-version":[{"id":41521,"href":"https:\/\/radiostudiow.com.br\/site\/wp-json\/wp\/v2\/posts\/41520\/revisions\/41521"}],"wp:featuredmedia":[{"embeddable":true,"href":"https:\/\/radiostudiow.com.br\/site\/wp-json\/wp\/v2\/media\/37678"}],"wp:attachment":[{"href":"https:\/\/radiostudiow.com.br\/site\/wp-json\/wp\/v2\/media?parent=41520"}],"wp:term":[{"taxonomy":"category","embeddable":true,"href":"https:\/\/radiostudiow.com.br\/site\/wp-json\/wp\/v2\/categories?post=41520"},{"taxonomy":"post_tag","embeddable":true,"href":"https:\/\/radiostudiow.com.br\/site\/wp-json\/wp\/v2\/tags?post=41520"}],"curies":[{"name":"wp","href":"https:\/\/api.w.org\/{rel}","templated":true}]}}