{"id":41524,"date":"2025-08-21T17:14:07","date_gmt":"2025-08-21T20:14:07","guid":{"rendered":"https:\/\/radiostudiow.com.br\/site\/?p=41524"},"modified":"2025-08-21T17:14:08","modified_gmt":"2025-08-21T20:14:08","slug":"homem-e-indiciado-por-tentativa-de-feminicidio-e-embriaguez-em-uniao-da-vitoria","status":"publish","type":"post","link":"https:\/\/radiostudiow.com.br\/site\/2025\/08\/21\/homem-e-indiciado-por-tentativa-de-feminicidio-e-embriaguez-em-uniao-da-vitoria\/","title":{"rendered":"Homem \u00e9 indiciado por tentativa de feminic\u00eddio e embriaguez em Uni\u00e3o da Vit\u00f3ria"},"content":{"rendered":"\n<p class=\"has-text-align-center\"><em>Informa\u00e7\u00f5es: Da reda\u00e7\u00e3o V.Vale<\/em><\/p>\n\n\n\n<p>A\u00a0Pol\u00edcia Civil do Paran\u00e1 (PCPR)\u00a0indiciou um homem pelos crimes de tentativa de feminic\u00eddio, dano qualificado ao patrim\u00f4nio p\u00fablico e embriaguez ao volante. O inqu\u00e9rito foi conclu\u00eddo nesta segunda-feira (18), em\u00a0Uni\u00e3o da Vit\u00f3ria.<\/p>\n\n\n\n<p>O caso aconteceu na madrugada de 3 de agosto, quando o suspeito, ap\u00f3s uma discuss\u00e3o em contexto de viol\u00eancia dom\u00e9stica, atropelou intencionalmente a companheira e colidiu com um poste de ilumina\u00e7\u00e3o p\u00fablica.<\/p>\n\n\n\n<figure class=\"wp-block-image size-full\"><img loading=\"lazy\" decoding=\"async\" width=\"897\" height=\"204\" src=\"https:\/\/radiostudiow.com.br\/site\/wp-content\/uploads\/2025\/06\/BARROS.png\" alt=\"\" class=\"wp-image-39575\" srcset=\"https:\/\/radiostudiow.com.br\/site\/wp-content\/uploads\/2025\/06\/BARROS.png 897w, https:\/\/radiostudiow.com.br\/site\/wp-content\/uploads\/2025\/06\/BARROS-300x68.png 300w, https:\/\/radiostudiow.com.br\/site\/wp-content\/uploads\/2025\/06\/BARROS-768x175.png 768w\" sizes=\"auto, (max-width: 897px) 100vw, 897px\" \/><\/figure>\n\n\n\n<p>Segundo a investiga\u00e7\u00e3o, ele dirigia sob efeito de \u00e1lcool. A PCPR reuniu imagens de c\u00e2meras de seguran\u00e7a, depoimentos de testemunhas e laudos periciais que confirmam a autoria e a materialidade do crime.<\/p>\n\n\n\n<p>A delegada\u00a0Nielly Luiz Mendes\u00a0afirmou que a pris\u00e3o preventiva do suspeito foi cumprida em 8 de agosto, durante o Dia D da\u00a0Opera\u00e7\u00e3o Shamar, a\u00e7\u00e3o nacional de combate \u00e0 viol\u00eancia contra a mulher.<\/p>\n\n\n\n<p>O inqu\u00e9rito foi enviado ao Poder Judici\u00e1rio para as provid\u00eancias legais cab\u00edveis.<\/p>\n\n\n\n<figure class=\"wp-block-image size-full\"><img loading=\"lazy\" decoding=\"async\" width=\"598\" height=\"204\" src=\"https:\/\/radiostudiow.com.br\/site\/wp-content\/uploads\/2025\/01\/SITE-MEDIO7.png\" alt=\"\" class=\"wp-image-32801\" srcset=\"https:\/\/radiostudiow.com.br\/site\/wp-content\/uploads\/2025\/01\/SITE-MEDIO7.png 598w, https:\/\/radiostudiow.com.br\/site\/wp-content\/uploads\/2025\/01\/SITE-MEDIO7-300x102.png 300w\" sizes=\"auto, (max-width: 598px) 100vw, 598px\" \/><\/figure>\n\n\n\n<p>A\u00a0Opera\u00e7\u00e3o Shamar\u00a0ocorre entre agosto e 4 de setembro em todo o pa\u00eds, coordenada pelo Minist\u00e9rio da Justi\u00e7a e Seguran\u00e7a P\u00fablica (MJSP). A a\u00e7\u00e3o integra as atividades do\u00a0Agosto Lil\u00e1s, m\u00eas de conscientiza\u00e7\u00e3o e enfrentamento da viol\u00eancia dom\u00e9stica, e tem o objetivo de proteger mulheres em situa\u00e7\u00e3o de risco.<\/p>\n\n\n\n<p><em>A PCPR refor\u00e7a a import\u00e2ncia da participa\u00e7\u00e3o da popula\u00e7\u00e3o e solicita den\u00fancias an\u00f4nimas pelos telefones\u00a0197 (PCPR)\u00a0ou\u00a0181 (Disque-Den\u00fancia). Em casos de emerg\u00eancia, acione imediatamente a\u00a0Pol\u00edcia Militar\u00a0pelo\u00a0190.<\/em><\/p>\n","protected":false},"excerpt":{"rendered":"<p>Informa\u00e7\u00f5es: Da reda\u00e7\u00e3o V.Vale A\u00a0Pol\u00edcia Civil do Paran\u00e1 (PCPR)\u00a0indiciou um homem pelos crimes de tentativa de feminic\u00eddio, dano qualificado ao patrim\u00f4nio p\u00fablico e embriaguez ao volante. O inqu\u00e9rito foi conclu\u00eddo nesta segunda-feira (18), em\u00a0Uni\u00e3o da Vit\u00f3ria. O caso aconteceu na madrugada de 3 de agosto, quando o suspeito, ap\u00f3s uma discuss\u00e3o em contexto de viol\u00eancia [&hellip;]<\/p>\n","protected":false},"author":2,"featured_media":41525,"comment_status":"open","ping_status":"open","sticky":false,"template":"","format":"standard","meta":{"footnotes":""},"categories":[2],"tags":[172],"class_list":["post-41524","post","type-post","status-publish","format-standard","has-post-thumbnail","hentry","category-policial","tag-featured"],"amp_enabled":true,"_links":{"self":[{"href":"https:\/\/radiostudiow.com.br\/site\/wp-json\/wp\/v2\/posts\/41524","targetHints":{"allow":["GET"]}}],"collection":[{"href":"https:\/\/radiostudiow.com.br\/site\/wp-json\/wp\/v2\/posts"}],"about":[{"href":"https:\/\/radiostudiow.com.br\/site\/wp-json\/wp\/v2\/types\/post"}],"author":[{"embeddable":true,"href":"https:\/\/radiostudiow.com.br\/site\/wp-json\/wp\/v2\/users\/2"}],"replies":[{"embeddable":true,"href":"https:\/\/radiostudiow.com.br\/site\/wp-json\/wp\/v2\/comments?post=41524"}],"version-history":[{"count":1,"href":"https:\/\/radiostudiow.com.br\/site\/wp-json\/wp\/v2\/posts\/41524\/revisions"}],"predecessor-version":[{"id":41526,"href":"https:\/\/radiostudiow.com.br\/site\/wp-json\/wp\/v2\/posts\/41524\/revisions\/41526"}],"wp:featuredmedia":[{"embeddable":true,"href":"https:\/\/radiostudiow.com.br\/site\/wp-json\/wp\/v2\/media\/41525"}],"wp:attachment":[{"href":"https:\/\/radiostudiow.com.br\/site\/wp-json\/wp\/v2\/media?parent=41524"}],"wp:term":[{"taxonomy":"category","embeddable":true,"href":"https:\/\/radiostudiow.com.br\/site\/wp-json\/wp\/v2\/categories?post=41524"},{"taxonomy":"post_tag","embeddable":true,"href":"https:\/\/radiostudiow.com.br\/site\/wp-json\/wp\/v2\/tags?post=41524"}],"curies":[{"name":"wp","href":"https:\/\/api.w.org\/{rel}","templated":true}]}}