{"id":41531,"date":"2025-08-21T17:24:51","date_gmt":"2025-08-21T20:24:51","guid":{"rendered":"https:\/\/radiostudiow.com.br\/site\/?p=41531"},"modified":"2025-08-21T17:24:52","modified_gmt":"2025-08-21T20:24:52","slug":"operacao-policial-prende-quatro-por-trafico-armas-e-saque-de-cargas-em-general-carneiro","status":"publish","type":"post","link":"https:\/\/radiostudiow.com.br\/site\/2025\/08\/21\/operacao-policial-prende-quatro-por-trafico-armas-e-saque-de-cargas-em-general-carneiro\/","title":{"rendered":"Opera\u00e7\u00e3o policial prende quatro por tr\u00e1fico, armas e saque de cargas em General Carneiro"},"content":{"rendered":"\n<p>Na manh\u00e3 desta\u00a0quinta-feira, 21, uma opera\u00e7\u00e3o conjunta entre a\u00a0Pol\u00edcia Civil\u00a0e a\u00a0Pol\u00edcia Militar do Paran\u00e1\u00a0resultou na pris\u00e3o em flagrante de quatro pessoas em\u00a0General Carneiro, suspeitas de envolvimento com\u00a0tr\u00e1fico de drogas, recepta\u00e7\u00e3o de cargas furtadas e porte ilegal de armas de fogo.<\/p>\n\n\n\n<p>Segundo o delegado\u00a0Douglas Possebom e Freitas, a a\u00e7\u00e3o foi fruto de um trabalho integrado de investiga\u00e7\u00e3o, iniciado a partir de den\u00fancias e levantamentos feitos pela Pol\u00edcia Militar no munic\u00edpio.<\/p>\n\n\n\n<figure class=\"wp-block-image size-full\"><img loading=\"lazy\" decoding=\"async\" width=\"598\" height=\"204\" src=\"https:\/\/radiostudiow.com.br\/site\/wp-content\/uploads\/2024\/10\/labirati.png\" alt=\"\" class=\"wp-image-28854\" srcset=\"https:\/\/radiostudiow.com.br\/site\/wp-content\/uploads\/2024\/10\/labirati.png 598w, https:\/\/radiostudiow.com.br\/site\/wp-content\/uploads\/2024\/10\/labirati-300x102.png 300w\" sizes=\"auto, (max-width: 598px) 100vw, 598px\" \/><\/figure>\n\n\n\n<p><em><strong>\u201cGeneral Carneiro \u00e9 conhecido por ocorr\u00eancias de saque de cargas de caminh\u00f5es acidentados na rodovia. Fizemos o levantamento de ind\u00edcios, trabalhamos em conjunto com a PM, organizamos os dados e encaminhamos ao Minist\u00e9rio P\u00fablico e ao Judici\u00e1rio, que expediram os mandados de busca e apreens\u00e3o. Hoje conseguimos prender quatro pessoas em flagrante por crimes relacionados ao tr\u00e1fico, recepta\u00e7\u00e3o e armas de fogo\u201d<\/strong>, explicou.<\/em><\/p>\n\n\n\n<p>Entre os detidos est\u00e1\u00a0um homem conhecido como \u201c Vesgo\u201d, morador do bairro S\u00e3o Jo\u00e3o.\u00a0De acordo com o delegado, ele foi flagrado com armas e pe\u00e7as de carne de origem il\u00edcita.<\/p>\n\n\n\n<blockquote class=\"wp-block-quote is-layout-flow wp-block-quote-is-layout-flow\">\n<h3 class=\"wp-block-heading has-text-align-center\">Apreens\u00f5es<\/h3>\n<\/blockquote>\n\n\n\n<h2 class=\"wp-block-heading\">Durante a opera\u00e7\u00e3o, as equipes apreenderam:<\/h2>\n\n\n\n<ul class=\"wp-block-list\">\n<li>&#8211; uma pistola calibre .22<\/li>\n\n\n\n<li>&#8211; uma pistola calibre .380<\/li>\n\n\n\n<li>&#8211; uma arma el\u00e9trica do tipo Spark<\/li>\n\n\n\n<li>&#8211; cerca de\u00a01,5 quilo de coca\u00edna<\/li>\n\n\n\n<li>&#8211; diversos produtos oriundos de furtos, incluindo cargas saqueadas de caminh\u00f5es acidentados<\/li>\n\n\n\n<li>&#8211; uma motosserra e objetos furtados de uma igreja local<\/li>\n<\/ul>\n\n\n\n<figure class=\"wp-block-image size-full\"><img loading=\"lazy\" decoding=\"async\" width=\"897\" height=\"204\" src=\"https:\/\/radiostudiow.com.br\/site\/wp-content\/uploads\/2024\/01\/SITE-GRANDE3.png\" alt=\"zaions\" class=\"wp-image-18936\" srcset=\"https:\/\/radiostudiow.com.br\/site\/wp-content\/uploads\/2024\/01\/SITE-GRANDE3.png 897w, https:\/\/radiostudiow.com.br\/site\/wp-content\/uploads\/2024\/01\/SITE-GRANDE3-300x68.png 300w, https:\/\/radiostudiow.com.br\/site\/wp-content\/uploads\/2024\/01\/SITE-GRANDE3-768x175.png 768w\" sizes=\"auto, (max-width: 897px) 100vw, 897px\" \/><\/figure>\n\n\n\n<h3 class=\"wp-block-heading\">Trabalho integrado<\/h3>\n\n\n\n<p>O\u00a0tenente-coronel Ferreira, comandante da Pol\u00edcia Militar, destacou que aproximadamente\u00a030 policiais civis e militares\u00a0participaram da a\u00e7\u00e3o.<\/p>\n\n\n\n<p><strong><em>\u201cA presen\u00e7a do aparelho estatal em General Carneiro busca trazer \u00e0 sociedade a sensa\u00e7\u00e3o de seguran\u00e7a e demonstrar a quem comete crimes que o Estado est\u00e1 presente, que n\u00e3o haver\u00e1 impunidade. Essa opera\u00e7\u00e3o \u00e9 uma resposta direta \u00e0 popula\u00e7\u00e3o\u201d<\/em><\/strong><em>,<\/em>\u00a0afirmou.<\/p>\n\n\n\n<p>Ele refor\u00e7ou ainda a import\u00e2ncia da participa\u00e7\u00e3o da comunidade com den\u00fancias an\u00f4nimas.<strong>\u00a0<em>\u201cSempre que a sociedade tiver informa\u00e7\u00f5es, pode entrar em contato pelos telefones\u00a0181\u00a0e\u00a0190\u00a0ou diretamente no pelot\u00e3o da Pol\u00edcia Militar. O apoio da comunidade \u00e9 fundamental para que possamos atuar com rapidez e efic\u00e1cia\u201d<\/em><\/strong><em>,<\/em>\u00a0acrescentou.<\/p>\n\n\n\n<figure class=\"wp-block-image size-large is-resized\"><img loading=\"lazy\" decoding=\"async\" width=\"1024\" height=\"614\" src=\"https:\/\/radiostudiow.com.br\/site\/wp-content\/uploads\/2025\/05\/5914fcac-c2b4-4795-a120-dc162c4a6466-1024x614.jpg\" alt=\"\" class=\"wp-image-38784\" style=\"width:352px;height:auto\" srcset=\"https:\/\/radiostudiow.com.br\/site\/wp-content\/uploads\/2025\/05\/5914fcac-c2b4-4795-a120-dc162c4a6466-1024x614.jpg 1024w, https:\/\/radiostudiow.com.br\/site\/wp-content\/uploads\/2025\/05\/5914fcac-c2b4-4795-a120-dc162c4a6466-300x180.jpg 300w, https:\/\/radiostudiow.com.br\/site\/wp-content\/uploads\/2025\/05\/5914fcac-c2b4-4795-a120-dc162c4a6466-768x460.jpg 768w, https:\/\/radiostudiow.com.br\/site\/wp-content\/uploads\/2025\/05\/5914fcac-c2b4-4795-a120-dc162c4a6466-1536x921.jpg 1536w, https:\/\/radiostudiow.com.br\/site\/wp-content\/uploads\/2025\/05\/5914fcac-c2b4-4795-a120-dc162c4a6466-1000x600.jpg 1000w, https:\/\/radiostudiow.com.br\/site\/wp-content\/uploads\/2025\/05\/5914fcac-c2b4-4795-a120-dc162c4a6466-590x354.jpg 590w, https:\/\/radiostudiow.com.br\/site\/wp-content\/uploads\/2025\/05\/5914fcac-c2b4-4795-a120-dc162c4a6466-400x240.jpg 400w, https:\/\/radiostudiow.com.br\/site\/wp-content\/uploads\/2025\/05\/5914fcac-c2b4-4795-a120-dc162c4a6466.jpg 1600w\" sizes=\"auto, (max-width: 1024px) 100vw, 1024px\" \/><\/figure>\n\n\n\n<h3 class=\"wp-block-heading\">Continuidade das a\u00e7\u00f5es<\/h3>\n\n\n\n<p>De acordo com o delegado Douglas Freitas, a opera\u00e7\u00e3o integra um plano de combate a crimes espec\u00edficos em General Carneiro e em outras cidades da regi\u00e3o.<em>\u00a0<\/em><strong><em>\u201c\u00c9 um trabalho t\u00e9cnico de intelig\u00eancia, que vai continuar. Estamos desarticulando organiza\u00e7\u00f5es criminosas e dando a resposta que a sociedade nos cobra\u201d<\/em><\/strong>, concluiu.<\/p>\n","protected":false},"excerpt":{"rendered":"<p>Na manh\u00e3 desta\u00a0quinta-feira, 21, uma opera\u00e7\u00e3o conjunta entre a\u00a0Pol\u00edcia Civil\u00a0e a\u00a0Pol\u00edcia Militar do Paran\u00e1\u00a0resultou na pris\u00e3o em flagrante de quatro pessoas em\u00a0General Carneiro, suspeitas de envolvimento com\u00a0tr\u00e1fico de drogas, recepta\u00e7\u00e3o de cargas furtadas e porte ilegal de armas de fogo. Segundo o delegado\u00a0Douglas Possebom e Freitas, a a\u00e7\u00e3o foi fruto de um trabalho integrado de [&hellip;]<\/p>\n","protected":false},"author":2,"featured_media":41532,"comment_status":"open","ping_status":"open","sticky":false,"template":"","format":"standard","meta":{"footnotes":""},"categories":[2],"tags":[172],"class_list":["post-41531","post","type-post","status-publish","format-standard","has-post-thumbnail","hentry","category-policial","tag-featured"],"amp_enabled":true,"_links":{"self":[{"href":"https:\/\/radiostudiow.com.br\/site\/wp-json\/wp\/v2\/posts\/41531","targetHints":{"allow":["GET"]}}],"collection":[{"href":"https:\/\/radiostudiow.com.br\/site\/wp-json\/wp\/v2\/posts"}],"about":[{"href":"https:\/\/radiostudiow.com.br\/site\/wp-json\/wp\/v2\/types\/post"}],"author":[{"embeddable":true,"href":"https:\/\/radiostudiow.com.br\/site\/wp-json\/wp\/v2\/users\/2"}],"replies":[{"embeddable":true,"href":"https:\/\/radiostudiow.com.br\/site\/wp-json\/wp\/v2\/comments?post=41531"}],"version-history":[{"count":1,"href":"https:\/\/radiostudiow.com.br\/site\/wp-json\/wp\/v2\/posts\/41531\/revisions"}],"predecessor-version":[{"id":41533,"href":"https:\/\/radiostudiow.com.br\/site\/wp-json\/wp\/v2\/posts\/41531\/revisions\/41533"}],"wp:featuredmedia":[{"embeddable":true,"href":"https:\/\/radiostudiow.com.br\/site\/wp-json\/wp\/v2\/media\/41532"}],"wp:attachment":[{"href":"https:\/\/radiostudiow.com.br\/site\/wp-json\/wp\/v2\/media?parent=41531"}],"wp:term":[{"taxonomy":"category","embeddable":true,"href":"https:\/\/radiostudiow.com.br\/site\/wp-json\/wp\/v2\/categories?post=41531"},{"taxonomy":"post_tag","embeddable":true,"href":"https:\/\/radiostudiow.com.br\/site\/wp-json\/wp\/v2\/tags?post=41531"}],"curies":[{"name":"wp","href":"https:\/\/api.w.org\/{rel}","templated":true}]}}