{"id":41538,"date":"2025-08-21T17:36:05","date_gmt":"2025-08-21T20:36:05","guid":{"rendered":"https:\/\/radiostudiow.com.br\/site\/?p=41538"},"modified":"2025-08-21T17:36:23","modified_gmt":"2025-08-21T20:36:23","slug":"policia-divulga-imagens-de-materiais-apreendidos-em-operacao-em-general-carneiro","status":"publish","type":"post","link":"https:\/\/radiostudiow.com.br\/site\/2025\/08\/21\/policia-divulga-imagens-de-materiais-apreendidos-em-operacao-em-general-carneiro\/","title":{"rendered":"Pol\u00edcia divulga imagens de materiais apreendidos em opera\u00e7\u00e3o de General Carneiro"},"content":{"rendered":"\n<p>Uma opera\u00e7\u00e3o conjunta da Pol\u00edcia Civil e da Pol\u00edcia Militar do Paran\u00e1 resultou na pris\u00e3o em flagrante de quatro pessoas em General Carneiro, suspeitas de envolvimento com tr\u00e1fico de drogas, recepta\u00e7\u00e3o de cargas furtadas e porte ilegal de armas de fogo na manh\u00e3 desta quinta-feira (21).<\/p>\n\n\n\n<p>A Pol\u00edcia Militar\u00a0divulgou imagens dos materiais apreendidos, incluindo armas, drogas e produtos furtados.<\/p>\n\n\n\n<figure class=\"wp-block-image size-full\"><img loading=\"lazy\" decoding=\"async\" width=\"598\" height=\"204\" src=\"https:\/\/radiostudiow.com.br\/site\/wp-content\/uploads\/2025\/05\/POLAK.png\" alt=\"\" class=\"wp-image-37847\" srcset=\"https:\/\/radiostudiow.com.br\/site\/wp-content\/uploads\/2025\/05\/POLAK.png 598w, https:\/\/radiostudiow.com.br\/site\/wp-content\/uploads\/2025\/05\/POLAK-300x102.png 300w\" sizes=\"auto, (max-width: 598px) 100vw, 598px\" \/><\/figure>\n\n\n\n<p>Segundo o delegado Douglas Possebom Freitas, a a\u00e7\u00e3o foi fruto de um trabalho investigativo integrado, iniciado a partir de den\u00fancias e levantamentos da Pol\u00edcia Militar na regi\u00e3o.<\/p>\n\n\n\n<blockquote class=\"wp-block-quote is-layout-flow wp-block-quote-is-layout-flow\">\n<p><em>\u201cGeneral Carneiro apresenta hist\u00f3rico de saque de cargas de caminh\u00f5es acidentados. A investiga\u00e7\u00e3o nos permitiu reunir ind\u00edcios, trabalhar em conjunto com a PM e encaminhar as informa\u00e7\u00f5es ao Minist\u00e9rio P\u00fablico e ao Judici\u00e1rio, que expediram os mandados de busca e apreens\u00e3o. Hoje conseguimos prender quatro pessoas em flagrante por tr\u00e1fico, recepta\u00e7\u00e3o e porte de armas\u201d, explicou.<\/em><\/p>\n<\/blockquote>\n\n\n\n<p>Entre os detidos est\u00e1 um homem conhecido como \u201cVesgo\u201d, morador do bairro S\u00e3o Jo\u00e3o, flagrado com armas e pe\u00e7as de carne de origem il\u00edcita.<\/p>\n\n\n\n<figure class=\"wp-block-image\" id=\"attachment_580053\"><a href=\"https:\/\/www.vvale.com.br\/seguranca\/policia-divulga-imagens-de-materiais-apreendidos-em-operacao-em-general-carneiro\/attachment\/whatsapp-image-2025-08-21-at-14-00-16\/\"><img decoding=\"async\" src=\"https:\/\/static5.vvale.com.br\/wp-content\/uploads\/2025\/08\/WhatsApp-Image-2025-08-21-at-14.00.16-720x333.jpeg\" alt=\"\" class=\"wp-image-580053\"\/><\/a><figcaption class=\"wp-element-caption\">(Foto: PM).<\/figcaption><\/figure>\n\n\n\n<p><strong>Materiais apreendidos<\/strong><\/p>\n\n\n\n<p>Durante a opera\u00e7\u00e3o, as equipes da Pol\u00edcia Militar e Civil apreenderam:<\/p>\n\n\n\n<ul class=\"wp-block-list\">\n<li>uma pistola calibre .22<\/li>\n\n\n\n<li>uma pistola calibre .380<\/li>\n\n\n\n<li>uma arma el\u00e9trica do tipo Spark<\/li>\n\n\n\n<li>cerca de 1,5 quilo de coca\u00edna<\/li>\n\n\n\n<li>produtos de furtos, incluindo cargas saqueadas de caminh\u00f5es acidentados<\/li>\n\n\n\n<li>uma motosserra e objetos furtados de uma igreja local<\/li>\n<\/ul>\n\n\n\n<figure class=\"wp-block-image\" id=\"attachment_580054\"><a href=\"https:\/\/www.vvale.com.br\/seguranca\/policia-divulga-imagens-de-materiais-apreendidos-em-operacao-em-general-carneiro\/attachment\/whatsapp-image-2025-08-21-at-14-00-17\/\"><img decoding=\"async\" src=\"https:\/\/static5.vvale.com.br\/wp-content\/uploads\/2025\/08\/WhatsApp-Image-2025-08-21-at-14.00.17-600x600.jpeg\" alt=\"\" class=\"wp-image-580054\"\/><\/a><figcaption class=\"wp-element-caption\">(Foto: PM).<\/figcaption><\/figure>\n\n\n\n<p><strong>A\u00e7\u00e3o integrada e participa\u00e7\u00e3o da comunidade<\/strong><\/p>\n\n\n\n<p>O tenente-coronel Ferreira, comandante da Pol\u00edcia Militar, destacou que cerca de 30 policiais participaram da opera\u00e7\u00e3o.<\/p>\n\n\n\n<blockquote class=\"wp-block-quote is-layout-flow wp-block-quote-is-layout-flow\">\n<p><em>\u201cA presen\u00e7a do Estado busca garantir seguran\u00e7a \u00e0 popula\u00e7\u00e3o e mostrar que crimes n\u00e3o ficar\u00e3o impunes. Essa opera\u00e7\u00e3o \u00e9 uma resposta direta \u00e0 sociedade\u201d, afirmou.<\/em><\/p>\n<\/blockquote>\n\n\n\n<p>Ele refor\u00e7ou ainda a import\u00e2ncia de den\u00fancias an\u00f4nimas.<em><strong> \u201cA comunidade pode colaborar pelos telefones 181 e 190 ou diretamente no pelot\u00e3o da Pol\u00edcia Militar. O apoio da popula\u00e7\u00e3o \u00e9 fundamental para a\u00e7\u00f5es r\u00e1pidas e eficazes\u201d<\/strong>, completou.<\/em><\/p>\n\n\n\n<figure class=\"wp-block-gallery has-nested-images columns-default is-cropped wp-block-gallery-1 is-layout-flex wp-block-gallery-is-layout-flex\">\n<figure class=\"wp-block-image size-large\"><img loading=\"lazy\" decoding=\"async\" width=\"300\" height=\"180\" data-id=\"39582\" src=\"https:\/\/radiostudiow.com.br\/site\/wp-content\/uploads\/2025\/06\/PLAY-HALL.png\" alt=\"\" class=\"wp-image-39582\"\/><\/figure>\n\n\n\n<figure class=\"wp-block-image size-large\"><img loading=\"lazy\" decoding=\"async\" width=\"300\" height=\"180\" data-id=\"38684\" src=\"https:\/\/radiostudiow.com.br\/site\/wp-content\/uploads\/2025\/05\/SITE-PEQUENO.jpg\" alt=\"\" class=\"wp-image-38684\"\/><\/figure>\n<\/figure>\n\n\n\n<p><strong>Continuidade das opera\u00e7\u00f5es<\/strong><\/p>\n\n\n\n<p>O delegado Douglas Freitas explicou que a a\u00e7\u00e3o integra um plano de combate a crimes espec\u00edficos em General Carneiro e cidades vizinhas.<\/p>\n\n\n\n<blockquote class=\"wp-block-quote is-layout-flow wp-block-quote-is-layout-flow\">\n<p><em>\u201cEstamos desarticulando organiza\u00e7\u00f5es criminosas por meio de intelig\u00eancia policial. Esse trabalho continuar\u00e1 para garantir que a sociedade receba respostas efetivas contra a criminalidade\u201d, concluiu.<\/em><\/p>\n<\/blockquote>\n\n\n\n<p><\/p>\n","protected":false},"excerpt":{"rendered":"<p>Uma opera\u00e7\u00e3o conjunta da Pol\u00edcia Civil e da Pol\u00edcia Militar do Paran\u00e1 resultou na pris\u00e3o em flagrante de quatro pessoas em General Carneiro, suspeitas de envolvimento com tr\u00e1fico de drogas, recepta\u00e7\u00e3o de cargas furtadas e porte ilegal de armas de fogo na manh\u00e3 desta quinta-feira (21). A Pol\u00edcia Militar\u00a0divulgou imagens dos materiais apreendidos, incluindo armas, [&hellip;]<\/p>\n","protected":false},"author":2,"featured_media":41539,"comment_status":"open","ping_status":"open","sticky":false,"template":"","format":"standard","meta":{"footnotes":""},"categories":[2],"tags":[172],"class_list":["post-41538","post","type-post","status-publish","format-standard","has-post-thumbnail","hentry","category-policial","tag-featured"],"amp_enabled":true,"_links":{"self":[{"href":"https:\/\/radiostudiow.com.br\/site\/wp-json\/wp\/v2\/posts\/41538","targetHints":{"allow":["GET"]}}],"collection":[{"href":"https:\/\/radiostudiow.com.br\/site\/wp-json\/wp\/v2\/posts"}],"about":[{"href":"https:\/\/radiostudiow.com.br\/site\/wp-json\/wp\/v2\/types\/post"}],"author":[{"embeddable":true,"href":"https:\/\/radiostudiow.com.br\/site\/wp-json\/wp\/v2\/users\/2"}],"replies":[{"embeddable":true,"href":"https:\/\/radiostudiow.com.br\/site\/wp-json\/wp\/v2\/comments?post=41538"}],"version-history":[{"count":2,"href":"https:\/\/radiostudiow.com.br\/site\/wp-json\/wp\/v2\/posts\/41538\/revisions"}],"predecessor-version":[{"id":41541,"href":"https:\/\/radiostudiow.com.br\/site\/wp-json\/wp\/v2\/posts\/41538\/revisions\/41541"}],"wp:featuredmedia":[{"embeddable":true,"href":"https:\/\/radiostudiow.com.br\/site\/wp-json\/wp\/v2\/media\/41539"}],"wp:attachment":[{"href":"https:\/\/radiostudiow.com.br\/site\/wp-json\/wp\/v2\/media?parent=41538"}],"wp:term":[{"taxonomy":"category","embeddable":true,"href":"https:\/\/radiostudiow.com.br\/site\/wp-json\/wp\/v2\/categories?post=41538"},{"taxonomy":"post_tag","embeddable":true,"href":"https:\/\/radiostudiow.com.br\/site\/wp-json\/wp\/v2\/tags?post=41538"}],"curies":[{"name":"wp","href":"https:\/\/api.w.org\/{rel}","templated":true}]}}