{"id":41542,"date":"2025-08-21T17:46:39","date_gmt":"2025-08-21T20:46:39","guid":{"rendered":"https:\/\/radiostudiow.com.br\/site\/?p=41542"},"modified":"2025-08-21T17:46:40","modified_gmt":"2025-08-21T20:46:40","slug":"homem-preso-por-estupro-nao-atua-mais-como-taxista-ha-anos-esclarece-categoria","status":"publish","type":"post","link":"https:\/\/radiostudiow.com.br\/site\/2025\/08\/21\/homem-preso-por-estupro-nao-atua-mais-como-taxista-ha-anos-esclarece-categoria\/","title":{"rendered":"Homem preso por estupro n\u00e3o atua mais como taxista h\u00e1 anos, esclarece categoria"},"content":{"rendered":"\n<figure class=\"wp-block-image size-full\"><img loading=\"lazy\" decoding=\"async\" width=\"897\" height=\"204\" src=\"https:\/\/radiostudiow.com.br\/site\/wp-content\/uploads\/2025\/05\/NUTRI-MALLET.png\" alt=\"\" class=\"wp-image-37813\" srcset=\"https:\/\/radiostudiow.com.br\/site\/wp-content\/uploads\/2025\/05\/NUTRI-MALLET.png 897w, https:\/\/radiostudiow.com.br\/site\/wp-content\/uploads\/2025\/05\/NUTRI-MALLET-300x68.png 300w, https:\/\/radiostudiow.com.br\/site\/wp-content\/uploads\/2025\/05\/NUTRI-MALLET-768x175.png 768w\" sizes=\"auto, (max-width: 897px) 100vw, 897px\" \/><\/figure>\n\n\n\n<p>A pris\u00e3o preventiva de um homem de 46 anos, ocorrida na \u00faltima ter\u00e7a-feira, 19, em\u00a0Uni\u00e3o da Vit\u00f3ria, acusado de\u00a0estuprar uma crian\u00e7a de 6 anos, repercutiu entre os profissionais que atuam como taxistas no\u00a0Vale do Igua\u00e7u.<\/p>\n\n\n\n<p>O suspeito, segundo a Pol\u00edcia Civil, se apresentava como taxista.\u00a0Segundo os profissionais do ramo, ele n\u00e3o tinha autoriza\u00e7\u00e3o ou cadastro ativo para exercer a fun\u00e7\u00e3o no Vale do Igua\u00e7u.\u00a0<\/p>\n\n\n\n<p>De acordo com as policia, o homem j\u00e1 era investigado por crimes sexuais desde 2002 e \u00e9 apontado como autor de abusos contra pelo menos outras seis crian\u00e7as em Uni\u00e3o da Vit\u00f3ria e munic\u00edpios vizinhos.<\/p>\n\n\n\n<figure class=\"wp-block-gallery has-nested-images columns-default is-cropped wp-block-gallery-1 is-layout-flex wp-block-gallery-is-layout-flex\">\n<figure class=\"wp-block-image size-large\"><img loading=\"lazy\" decoding=\"async\" width=\"300\" height=\"180\" data-id=\"39576\" src=\"https:\/\/radiostudiow.com.br\/site\/wp-content\/uploads\/2025\/06\/FRAN.png\" alt=\"\" class=\"wp-image-39576\"\/><\/figure>\n\n\n\n<figure class=\"wp-block-image size-large\"><img loading=\"lazy\" decoding=\"async\" width=\"300\" height=\"180\" data-id=\"40603\" src=\"https:\/\/radiostudiow.com.br\/site\/wp-content\/uploads\/2025\/07\/nacionalgas.png\" alt=\"\" class=\"wp-image-40603\"\/><\/figure>\n<\/figure>\n\n\n\n<h3 class=\"wp-block-heading\">Categoria se manifesta<\/h3>\n\n\n\n<p>Diante da gravidade do caso,\u00a0taxistas da regi\u00e3o emitiram uma nota de rep\u00fadio, refor\u00e7ando que o acusado\u00a0n\u00e3o pertence \u00e0 categoria\u00a0e que h\u00e1 mais de 20 anos n\u00e3o exerce qualquer v\u00ednculo com a atividade.<\/p>\n\n\n\n<p>O profissional\u00a0Miltom Cezar, que atua como taxista no munic\u00edpio, conversou com a reportagem e refor\u00e7ou a necessidade de esclarecer a situa\u00e7\u00e3o:<\/p>\n\n\n\n<blockquote class=\"wp-block-quote is-layout-flow wp-block-quote-is-layout-flow\">\n<p><em>\u201cEsse rapaz j\u00e1 faz mais de 20 anos que n\u00e3o trabalha como taxista. Ele n\u00e3o tem cadastro em nenhuma prefeitura, n\u00e3o tem v\u00ednculo nenhum com a nossa categoria. Ele trabalhou h\u00e1 20 anos atr\u00e1s e hoje n\u00e3o faz mais parte do quadro. \u00c9 preciso que fique claro que n\u00e3o se trata de um taxista em atividade\u201d,\u00a0disse.<\/em><\/p>\n<\/blockquote>\n\n\n\n<figure class=\"wp-block-gallery has-nested-images columns-default is-cropped wp-block-gallery-2 is-layout-flex wp-block-gallery-is-layout-flex\">\n<figure class=\"wp-block-image size-large\"><img loading=\"lazy\" decoding=\"async\" width=\"300\" height=\"180\" data-id=\"38014\" src=\"https:\/\/radiostudiow.com.br\/site\/wp-content\/uploads\/2025\/05\/VANE.png\" alt=\"\" class=\"wp-image-38014\"\/><\/figure>\n\n\n\n<figure class=\"wp-block-image size-full\"><img loading=\"lazy\" decoding=\"async\" width=\"300\" height=\"180\" data-id=\"32894\" src=\"https:\/\/radiostudiow.com.br\/site\/wp-content\/uploads\/2025\/01\/SITE-PEQUENO2.png\" alt=\"\" class=\"wp-image-32894\"\/><\/figure>\n<\/figure>\n\n\n\n<h3 class=\"wp-block-heading\">Nota de rep\u00fadio<\/h3>\n\n\n\n<p>Em comunicado, alguns taxistas do Vale do Igua\u00e7u destacaram:<\/p>\n\n\n\n<p><strong>NOTA DE REP\u00daDIO<\/strong><\/p>\n\n\n\n<blockquote class=\"wp-block-quote is-layout-flow wp-block-quote-is-layout-flow\">\n<p><strong><em>\u201cN\u00f3s, taxistas das cidades g\u00eameas, repudiamos o fato ocorrido com este indiv\u00edduo que se passava por taxista. Queremos esclarecer que nenhum taxista ativo das nossas cidades tinha contato com esse elemento. Ele nunca trabalhou na rodovi\u00e1ria e nunca manteve v\u00ednculo com a classe.\u00a0Reafirmamos que trabalhamos com seriedade e prezamos pela seguran\u00e7a e respeito de nossos clientes. Este \u00e9 um caso isolado e sem qualquer liga\u00e7\u00e3o com a categoria.\u201d\u00a0<\/em><\/strong><\/p>\n<\/blockquote>\n\n\n\n<h3 class=\"wp-block-heading\">Investiga\u00e7\u00e3o segue em andamento<\/h3>\n\n\n\n<p>Enquanto isso, o homem preso segue \u00e0 disposi\u00e7\u00e3o da Justi\u00e7a. A Pol\u00edcia Civil apura se existem outras v\u00edtimas que possam ter sofrido abusos cometidos por ele.<\/p>\n","protected":false},"excerpt":{"rendered":"<p>A pris\u00e3o preventiva de um homem de 46 anos, ocorrida na \u00faltima ter\u00e7a-feira, 19, em\u00a0Uni\u00e3o da Vit\u00f3ria, acusado de\u00a0estuprar uma crian\u00e7a de 6 anos, repercutiu entre os profissionais que atuam como taxistas no\u00a0Vale do Igua\u00e7u. O suspeito, segundo a Pol\u00edcia Civil, se apresentava como taxista.\u00a0Segundo os profissionais do ramo, ele n\u00e3o tinha autoriza\u00e7\u00e3o ou cadastro [&hellip;]<\/p>\n","protected":false},"author":2,"featured_media":41543,"comment_status":"open","ping_status":"open","sticky":false,"template":"","format":"standard","meta":{"footnotes":""},"categories":[2],"tags":[172],"class_list":["post-41542","post","type-post","status-publish","format-standard","has-post-thumbnail","hentry","category-policial","tag-featured"],"amp_enabled":true,"_links":{"self":[{"href":"https:\/\/radiostudiow.com.br\/site\/wp-json\/wp\/v2\/posts\/41542","targetHints":{"allow":["GET"]}}],"collection":[{"href":"https:\/\/radiostudiow.com.br\/site\/wp-json\/wp\/v2\/posts"}],"about":[{"href":"https:\/\/radiostudiow.com.br\/site\/wp-json\/wp\/v2\/types\/post"}],"author":[{"embeddable":true,"href":"https:\/\/radiostudiow.com.br\/site\/wp-json\/wp\/v2\/users\/2"}],"replies":[{"embeddable":true,"href":"https:\/\/radiostudiow.com.br\/site\/wp-json\/wp\/v2\/comments?post=41542"}],"version-history":[{"count":1,"href":"https:\/\/radiostudiow.com.br\/site\/wp-json\/wp\/v2\/posts\/41542\/revisions"}],"predecessor-version":[{"id":41544,"href":"https:\/\/radiostudiow.com.br\/site\/wp-json\/wp\/v2\/posts\/41542\/revisions\/41544"}],"wp:featuredmedia":[{"embeddable":true,"href":"https:\/\/radiostudiow.com.br\/site\/wp-json\/wp\/v2\/media\/41543"}],"wp:attachment":[{"href":"https:\/\/radiostudiow.com.br\/site\/wp-json\/wp\/v2\/media?parent=41542"}],"wp:term":[{"taxonomy":"category","embeddable":true,"href":"https:\/\/radiostudiow.com.br\/site\/wp-json\/wp\/v2\/categories?post=41542"},{"taxonomy":"post_tag","embeddable":true,"href":"https:\/\/radiostudiow.com.br\/site\/wp-json\/wp\/v2\/tags?post=41542"}],"curies":[{"name":"wp","href":"https:\/\/api.w.org\/{rel}","templated":true}]}}