{"id":41553,"date":"2025-08-22T09:30:16","date_gmt":"2025-08-22T12:30:16","guid":{"rendered":"https:\/\/radiostudiow.com.br\/site\/?p=41553"},"modified":"2025-08-22T09:30:17","modified_gmt":"2025-08-22T12:30:17","slug":"policia-militar-prende-homem-por-porte-irregular-de-arma-de-fogo-em-uniao-da-vitoria","status":"publish","type":"post","link":"https:\/\/radiostudiow.com.br\/site\/2025\/08\/22\/policia-militar-prende-homem-por-porte-irregular-de-arma-de-fogo-em-uniao-da-vitoria\/","title":{"rendered":"Pol\u00edcia Militar prende homem por porte irregular de arma de fogo em Uni\u00e3o da Vit\u00f3ria"},"content":{"rendered":"\n<p><\/p>\n\n\n\n<figure class=\"wp-block-image size-full\"><img loading=\"lazy\" decoding=\"async\" width=\"897\" height=\"204\" src=\"https:\/\/radiostudiow.com.br\/site\/wp-content\/uploads\/2025\/03\/image-62.png\" alt=\"\" class=\"wp-image-35859\" srcset=\"https:\/\/radiostudiow.com.br\/site\/wp-content\/uploads\/2025\/03\/image-62.png 897w, https:\/\/radiostudiow.com.br\/site\/wp-content\/uploads\/2025\/03\/image-62-300x68.png 300w, https:\/\/radiostudiow.com.br\/site\/wp-content\/uploads\/2025\/03\/image-62-768x175.png 768w\" sizes=\"auto, (max-width: 897px) 100vw, 897px\" \/><\/figure>\n\n\n\n<p><br>Durante atendimento da equipe da Pol\u00edcia Militar de Uni\u00e3o da Vit\u00f3ria a uma ocorr\u00eancia envolvendo amea\u00e7a e acidente de tr\u00e2nsito no bairro S\u00e3o Braz encontrou armamento. A situa\u00e7\u00e3o ocorreu por volta 00h30min dessa sexta-feira (22).<\/p>\n\n\n\n<p>Os policiais visualixaram um ve\u00edculo que havia colidido contra o muro de uma resid\u00eancia, sendo poss\u00edvel observar a presen\u00e7a de populares exaltados no local. Durante a averigua\u00e7\u00e3o, foi localizada uma muni\u00e7\u00e3o de arma de fogo ca\u00edda na via p\u00fablica.<\/p>\n\n\n\n<figure class=\"wp-block-image size-full\"><img loading=\"lazy\" decoding=\"async\" width=\"598\" height=\"204\" src=\"https:\/\/radiostudiow.com.br\/site\/wp-content\/uploads\/2025\/05\/BEAZY.jpg.png\" alt=\"\" class=\"wp-image-38197\" srcset=\"https:\/\/radiostudiow.com.br\/site\/wp-content\/uploads\/2025\/05\/BEAZY.jpg.png 598w, https:\/\/radiostudiow.com.br\/site\/wp-content\/uploads\/2025\/05\/BEAZY.jpg-300x102.png 300w\" sizes=\"auto, (max-width: 598px) 100vw, 598px\" \/><\/figure>\n\n\n\n<p>Em buscas no terreno, os policiais encontraram um rev\u00f3lver municiado, identificado como pertencente ao condutor do ve\u00edculo envolvido na colis\u00e3o. Diante dos fatos, foi dada voz de pris\u00e3o ao autor por porte ilegal de arma de fogo.<\/p>\n\n\n\n<p>O indiv\u00edduo foi encaminhado para atendimento m\u00e9dico e, em seguida, conduzido \u00e0 4\u00aa SDP para os procedimentos legais e aprecia\u00e7\u00e3o da autoridade policial.<\/p>\n\n\n\n<p><\/p>\n","protected":false},"excerpt":{"rendered":"<p>Durante atendimento da equipe da Pol\u00edcia Militar de Uni\u00e3o da Vit\u00f3ria a uma ocorr\u00eancia envolvendo amea\u00e7a e acidente de tr\u00e2nsito no bairro S\u00e3o Braz encontrou armamento. A situa\u00e7\u00e3o ocorreu por volta 00h30min dessa sexta-feira (22). Os policiais visualixaram um ve\u00edculo que havia colidido contra o muro de uma resid\u00eancia, sendo poss\u00edvel observar a presen\u00e7a de [&hellip;]<\/p>\n","protected":false},"author":2,"featured_media":41554,"comment_status":"open","ping_status":"open","sticky":false,"template":"","format":"standard","meta":{"footnotes":""},"categories":[2],"tags":[172],"class_list":["post-41553","post","type-post","status-publish","format-standard","has-post-thumbnail","hentry","category-policial","tag-featured"],"amp_enabled":true,"_links":{"self":[{"href":"https:\/\/radiostudiow.com.br\/site\/wp-json\/wp\/v2\/posts\/41553","targetHints":{"allow":["GET"]}}],"collection":[{"href":"https:\/\/radiostudiow.com.br\/site\/wp-json\/wp\/v2\/posts"}],"about":[{"href":"https:\/\/radiostudiow.com.br\/site\/wp-json\/wp\/v2\/types\/post"}],"author":[{"embeddable":true,"href":"https:\/\/radiostudiow.com.br\/site\/wp-json\/wp\/v2\/users\/2"}],"replies":[{"embeddable":true,"href":"https:\/\/radiostudiow.com.br\/site\/wp-json\/wp\/v2\/comments?post=41553"}],"version-history":[{"count":1,"href":"https:\/\/radiostudiow.com.br\/site\/wp-json\/wp\/v2\/posts\/41553\/revisions"}],"predecessor-version":[{"id":41555,"href":"https:\/\/radiostudiow.com.br\/site\/wp-json\/wp\/v2\/posts\/41553\/revisions\/41555"}],"wp:featuredmedia":[{"embeddable":true,"href":"https:\/\/radiostudiow.com.br\/site\/wp-json\/wp\/v2\/media\/41554"}],"wp:attachment":[{"href":"https:\/\/radiostudiow.com.br\/site\/wp-json\/wp\/v2\/media?parent=41553"}],"wp:term":[{"taxonomy":"category","embeddable":true,"href":"https:\/\/radiostudiow.com.br\/site\/wp-json\/wp\/v2\/categories?post=41553"},{"taxonomy":"post_tag","embeddable":true,"href":"https:\/\/radiostudiow.com.br\/site\/wp-json\/wp\/v2\/tags?post=41553"}],"curies":[{"name":"wp","href":"https:\/\/api.w.org\/{rel}","templated":true}]}}