{"id":41556,"date":"2025-08-22T09:36:16","date_gmt":"2025-08-22T12:36:16","guid":{"rendered":"https:\/\/radiostudiow.com.br\/site\/?p=41556"},"modified":"2025-08-22T09:36:17","modified_gmt":"2025-08-22T12:36:17","slug":"policia-militar-de-paula-freitas-recupera-motocicleta-furtada-e-cumpre-mandado-de-prisao","status":"publish","type":"post","link":"https:\/\/radiostudiow.com.br\/site\/2025\/08\/22\/policia-militar-de-paula-freitas-recupera-motocicleta-furtada-e-cumpre-mandado-de-prisao\/","title":{"rendered":"Pol\u00edcia Militar de Paula Freitas recupera motocicleta furtada e cumpre mandado de pris\u00e3o"},"content":{"rendered":"\n<figure class=\"wp-block-image size-full\"><img loading=\"lazy\" decoding=\"async\" width=\"897\" height=\"204\" src=\"https:\/\/radiostudiow.com.br\/site\/wp-content\/uploads\/2025\/03\/BARAO-NOVO-NOTICIAS-1.jpg\" alt=\"\" class=\"wp-image-35084\" srcset=\"https:\/\/radiostudiow.com.br\/site\/wp-content\/uploads\/2025\/03\/BARAO-NOVO-NOTICIAS-1.jpg 897w, https:\/\/radiostudiow.com.br\/site\/wp-content\/uploads\/2025\/03\/BARAO-NOVO-NOTICIAS-1-300x68.jpg 300w, https:\/\/radiostudiow.com.br\/site\/wp-content\/uploads\/2025\/03\/BARAO-NOVO-NOTICIAS-1-768x175.jpg 768w\" sizes=\"auto, (max-width: 897px) 100vw, 897px\" \/><\/figure>\n\n\n\n<p>A equipe da Pol\u00edcia Militar de Paula Freitas de posse de informa\u00e7\u00f5es sobre uma motocicleta furtada,<br>intensificou o patrulhamento na BR-476 com o objetivo de localiz\u00e1-la por volta das 17h50min dessa quinta-feira (21).<\/p>\n\n\n\n<p>Em determinado momento, o ve\u00edculo foi avistado, sendo ent\u00e3o realizada a abordagem para verifica\u00e7\u00e3o. Ap\u00f3s consulta aos sistemas, constatou-se que a motocicleta era, de fato, produto de furto.<\/p>\n\n\n\n<figure class=\"wp-block-image size-full\"><img loading=\"lazy\" decoding=\"async\" width=\"598\" height=\"204\" src=\"https:\/\/radiostudiow.com.br\/site\/wp-content\/uploads\/2024\/10\/labirati.png\" alt=\"\" class=\"wp-image-28854\" srcset=\"https:\/\/radiostudiow.com.br\/site\/wp-content\/uploads\/2024\/10\/labirati.png 598w, https:\/\/radiostudiow.com.br\/site\/wp-content\/uploads\/2024\/10\/labirati-300x102.png 300w\" sizes=\"auto, (max-width: 598px) 100vw, 598px\" \/><\/figure>\n\n\n\n<p>Durante a identifica\u00e7\u00e3o do condutor, verificou-se ainda que havia um mandado de pris\u00e3o ativo em<br>seu desfavor, al\u00e9m de ele estar em posse de outros materiais de origem il\u00edcita.<\/p>\n\n\n\n<p>Diante dos fatos, foi dada voz de pris\u00e3o ao homem, que foi encaminhado \u00e0 4\u00aa SDP, juntamente com o ve\u00edculo e os objetos apreendidos, para os devidos procedimentos e aprecia\u00e7\u00e3o da autoridade policial.<\/p>\n\n\n\n<figure class=\"wp-block-image size-large\"><img loading=\"lazy\" decoding=\"async\" width=\"768\" height=\"1024\" src=\"https:\/\/radiostudiow.com.br\/site\/wp-content\/uploads\/2025\/08\/objetos-recuperados-Paula-Freitas-768x1024.jpg\" alt=\"\" class=\"wp-image-41559\" srcset=\"https:\/\/radiostudiow.com.br\/site\/wp-content\/uploads\/2025\/08\/objetos-recuperados-Paula-Freitas-768x1024.jpg 768w, https:\/\/radiostudiow.com.br\/site\/wp-content\/uploads\/2025\/08\/objetos-recuperados-Paula-Freitas-225x300.jpg 225w, https:\/\/radiostudiow.com.br\/site\/wp-content\/uploads\/2025\/08\/objetos-recuperados-Paula-Freitas-1152x1536.jpg 1152w, https:\/\/radiostudiow.com.br\/site\/wp-content\/uploads\/2025\/08\/objetos-recuperados-Paula-Freitas.jpg 1200w\" sizes=\"auto, (max-width: 768px) 100vw, 768px\" \/><\/figure>\n","protected":false},"excerpt":{"rendered":"<p>A equipe da Pol\u00edcia Militar de Paula Freitas de posse de informa\u00e7\u00f5es sobre uma motocicleta furtada,intensificou o patrulhamento na BR-476 com o objetivo de localiz\u00e1-la por volta das 17h50min dessa quinta-feira (21). Em determinado momento, o ve\u00edculo foi avistado, sendo ent\u00e3o realizada a abordagem para verifica\u00e7\u00e3o. Ap\u00f3s consulta aos sistemas, constatou-se que a motocicleta era, [&hellip;]<\/p>\n","protected":false},"author":2,"featured_media":41558,"comment_status":"open","ping_status":"open","sticky":false,"template":"","format":"standard","meta":{"footnotes":""},"categories":[2],"tags":[172],"class_list":["post-41556","post","type-post","status-publish","format-standard","has-post-thumbnail","hentry","category-policial","tag-featured"],"amp_enabled":true,"_links":{"self":[{"href":"https:\/\/radiostudiow.com.br\/site\/wp-json\/wp\/v2\/posts\/41556","targetHints":{"allow":["GET"]}}],"collection":[{"href":"https:\/\/radiostudiow.com.br\/site\/wp-json\/wp\/v2\/posts"}],"about":[{"href":"https:\/\/radiostudiow.com.br\/site\/wp-json\/wp\/v2\/types\/post"}],"author":[{"embeddable":true,"href":"https:\/\/radiostudiow.com.br\/site\/wp-json\/wp\/v2\/users\/2"}],"replies":[{"embeddable":true,"href":"https:\/\/radiostudiow.com.br\/site\/wp-json\/wp\/v2\/comments?post=41556"}],"version-history":[{"count":2,"href":"https:\/\/radiostudiow.com.br\/site\/wp-json\/wp\/v2\/posts\/41556\/revisions"}],"predecessor-version":[{"id":41560,"href":"https:\/\/radiostudiow.com.br\/site\/wp-json\/wp\/v2\/posts\/41556\/revisions\/41560"}],"wp:featuredmedia":[{"embeddable":true,"href":"https:\/\/radiostudiow.com.br\/site\/wp-json\/wp\/v2\/media\/41558"}],"wp:attachment":[{"href":"https:\/\/radiostudiow.com.br\/site\/wp-json\/wp\/v2\/media?parent=41556"}],"wp:term":[{"taxonomy":"category","embeddable":true,"href":"https:\/\/radiostudiow.com.br\/site\/wp-json\/wp\/v2\/categories?post=41556"},{"taxonomy":"post_tag","embeddable":true,"href":"https:\/\/radiostudiow.com.br\/site\/wp-json\/wp\/v2\/tags?post=41556"}],"curies":[{"name":"wp","href":"https:\/\/api.w.org\/{rel}","templated":true}]}}