{"id":41563,"date":"2025-08-22T09:50:46","date_gmt":"2025-08-22T12:50:46","guid":{"rendered":"https:\/\/radiostudiow.com.br\/site\/?p=41563"},"modified":"2025-08-22T09:50:46","modified_gmt":"2025-08-22T12:50:46","slug":"rocam-de-general-carneiro-localiza-homem-com-mandado-de-prisao","status":"publish","type":"post","link":"https:\/\/radiostudiow.com.br\/site\/2025\/08\/22\/rocam-de-general-carneiro-localiza-homem-com-mandado-de-prisao\/","title":{"rendered":"Rocam de General Carneiro localiza homem com mandado de pris\u00e3o"},"content":{"rendered":"\n<p>A equipe ROCAM de General Carneiro realizava patrulhamento na localidade do Planalto por volta das 17 horas dessa quinta-feira, 21 de agosto, quando avistou um indiv\u00edduo sobre o qual havia um mandado de pris\u00e3o em aberto.<\/p>\n\n\n\n<figure class=\"wp-block-image size-full\"><img loading=\"lazy\" decoding=\"async\" width=\"897\" height=\"207\" src=\"https:\/\/radiostudiow.com.br\/site\/wp-content\/uploads\/2025\/07\/TIJOLAO.png\" alt=\"\" class=\"wp-image-40184\" srcset=\"https:\/\/radiostudiow.com.br\/site\/wp-content\/uploads\/2025\/07\/TIJOLAO.png 897w, https:\/\/radiostudiow.com.br\/site\/wp-content\/uploads\/2025\/07\/TIJOLAO-300x69.png 300w, https:\/\/radiostudiow.com.br\/site\/wp-content\/uploads\/2025\/07\/TIJOLAO-768x177.png 768w\" sizes=\"auto, (max-width: 897px) 100vw, 897px\" \/><\/figure>\n\n\n\n<p>Diante da situa\u00e7\u00e3o, foi dada voz de abordagem e, ap\u00f3s consulta aos sistemas, confirmou-se a exist\u00eancia do mandado ativo.<\/p>\n\n\n\n<p>O homem foi devidamente cientificado do teor do mandado e, em seguida, encaminhado \u00e0 sede do DEPEN em Uni\u00e3o da Vit\u00f3ria, onde permaneceu \u00e0 disposi\u00e7\u00e3o da Justi\u00e7a.<\/p>\n","protected":false},"excerpt":{"rendered":"<p>A equipe ROCAM de General Carneiro realizava patrulhamento na localidade do Planalto por volta das 17 horas dessa quinta-feira, 21 de agosto, quando avistou um indiv\u00edduo sobre o qual havia um mandado de pris\u00e3o em aberto. Diante da situa\u00e7\u00e3o, foi dada voz de abordagem e, ap\u00f3s consulta aos sistemas, confirmou-se a exist\u00eancia do mandado ativo. [&hellip;]<\/p>\n","protected":false},"author":2,"featured_media":1357,"comment_status":"open","ping_status":"open","sticky":false,"template":"","format":"standard","meta":{"footnotes":""},"categories":[2],"tags":[172],"class_list":["post-41563","post","type-post","status-publish","format-standard","has-post-thumbnail","hentry","category-policial","tag-featured"],"amp_enabled":true,"_links":{"self":[{"href":"https:\/\/radiostudiow.com.br\/site\/wp-json\/wp\/v2\/posts\/41563","targetHints":{"allow":["GET"]}}],"collection":[{"href":"https:\/\/radiostudiow.com.br\/site\/wp-json\/wp\/v2\/posts"}],"about":[{"href":"https:\/\/radiostudiow.com.br\/site\/wp-json\/wp\/v2\/types\/post"}],"author":[{"embeddable":true,"href":"https:\/\/radiostudiow.com.br\/site\/wp-json\/wp\/v2\/users\/2"}],"replies":[{"embeddable":true,"href":"https:\/\/radiostudiow.com.br\/site\/wp-json\/wp\/v2\/comments?post=41563"}],"version-history":[{"count":1,"href":"https:\/\/radiostudiow.com.br\/site\/wp-json\/wp\/v2\/posts\/41563\/revisions"}],"predecessor-version":[{"id":41564,"href":"https:\/\/radiostudiow.com.br\/site\/wp-json\/wp\/v2\/posts\/41563\/revisions\/41564"}],"wp:featuredmedia":[{"embeddable":true,"href":"https:\/\/radiostudiow.com.br\/site\/wp-json\/wp\/v2\/media\/1357"}],"wp:attachment":[{"href":"https:\/\/radiostudiow.com.br\/site\/wp-json\/wp\/v2\/media?parent=41563"}],"wp:term":[{"taxonomy":"category","embeddable":true,"href":"https:\/\/radiostudiow.com.br\/site\/wp-json\/wp\/v2\/categories?post=41563"},{"taxonomy":"post_tag","embeddable":true,"href":"https:\/\/radiostudiow.com.br\/site\/wp-json\/wp\/v2\/tags?post=41563"}],"curies":[{"name":"wp","href":"https:\/\/api.w.org\/{rel}","templated":true}]}}