{"id":41573,"date":"2025-08-22T11:17:28","date_gmt":"2025-08-22T14:17:28","guid":{"rendered":"https:\/\/radiostudiow.com.br\/site\/?p=41573"},"modified":"2025-08-22T11:17:29","modified_gmt":"2025-08-22T14:17:29","slug":"operacao-apreende-pistola-da-prf-extraviada-desde-2019-em-residencia","status":"publish","type":"post","link":"https:\/\/radiostudiow.com.br\/site\/2025\/08\/22\/operacao-apreende-pistola-da-prf-extraviada-desde-2019-em-residencia\/","title":{"rendered":"Opera\u00e7\u00e3o apreende pistola da PRF extraviada desde 2019 em resid\u00eancia"},"content":{"rendered":"\n<figure class=\"wp-block-image size-full\"><img loading=\"lazy\" decoding=\"async\" width=\"598\" height=\"204\" src=\"https:\/\/radiostudiow.com.br\/site\/wp-content\/uploads\/2025\/05\/POLAK.png\" alt=\"\" class=\"wp-image-37847\" srcset=\"https:\/\/radiostudiow.com.br\/site\/wp-content\/uploads\/2025\/05\/POLAK.png 598w, https:\/\/radiostudiow.com.br\/site\/wp-content\/uploads\/2025\/05\/POLAK-300x102.png 300w\" sizes=\"auto, (max-width: 598px) 100vw, 598px\" \/><\/figure>\n\n\n\n<p>A Pol\u00edcia Civil do Paran\u00e1, por meio da 4\u00aa Subdivis\u00e3o Policial de Uni\u00e3o da Vit\u00f3ria, com apoio da Delegacia da Mulher, da 10\u00aa DRP de Mallet, do 27\u00ba Batalh\u00e3o de Pol\u00edcia Militar, da Receita Estadual e da Vigil\u00e2ncia Sanit\u00e1ria, deflagrou na manh\u00e3 desta quinta-feira, 21, a \u201cOpera\u00e7\u00e3o Carga Pesada\u201d no munic\u00edpio de General Carneiro.<\/p>\n\n\n\n<p>A opera\u00e7\u00e3o teve por finalidade recuperar cargas furtadas, roubadas e desviadas na regi\u00e3o nos diversos incidentes ocorridos na Rodovia BR-153 nos \u00faltimos meses.<\/p>\n\n\n\n<p>Ap\u00f3s intensas investiga\u00e7\u00f5es, a Pol\u00edcia Civil identificou os suspeitos e os locais onde as mercadorias estariam armazenadas. Com base nas informa\u00e7\u00f5es levantadas e ap\u00f3s representa\u00e7\u00e3o da Pol\u00edcia Civil, o Poder Judici\u00e1rio expediu dez mandados de busca e apreens\u00e3o, que foram cumpridos no bairro S\u00e3o Jo\u00e3o.<\/p>\n\n\n\n<figure class=\"wp-block-image size-full\"><img loading=\"lazy\" decoding=\"async\" width=\"897\" height=\"204\" src=\"https:\/\/radiostudiow.com.br\/site\/wp-content\/uploads\/2024\/01\/SITE-GRANDE3.png\" alt=\"zaions\" class=\"wp-image-18936\" srcset=\"https:\/\/radiostudiow.com.br\/site\/wp-content\/uploads\/2024\/01\/SITE-GRANDE3.png 897w, https:\/\/radiostudiow.com.br\/site\/wp-content\/uploads\/2024\/01\/SITE-GRANDE3-300x68.png 300w, https:\/\/radiostudiow.com.br\/site\/wp-content\/uploads\/2024\/01\/SITE-GRANDE3-768x175.png 768w\" sizes=\"auto, (max-width: 897px) 100vw, 897px\" \/><\/figure>\n\n\n\n<p>Durante as dilig\u00eancias, foram encontrados diversos materiais recentemente saqueados de caminh\u00f5es na regi\u00e3o, tais como itens de higiene pessoal, produtos de limpeza, alimentos perec\u00edveis e outros objetos.<\/p>\n\n\n\n<p>Em uma resid\u00eancia, os policiais localizaram mais de 500 quilos de carne de origem duvidosa armazenados em refrigeradores e em condi\u00e7\u00f5es impr\u00f3prias para consumo.<\/p>\n\n\n\n<p>Tamb\u00e9m foram apreendidas armas de fogo, muni\u00e7\u00f5es de diversos calibres, drogas e outros il\u00edcitos. Na casa de um dos investigados, os agentes recuperaram uma\u00a0Pistola Spark (dispositivo el\u00e9trico incapacitante), vinculada \u00e0 Pol\u00edcia Rodovi\u00e1ria Federal e que havia sido extraviada do \u00f3rg\u00e3o em 2019.<\/p>\n\n\n\n<p>A opera\u00e7\u00e3o contou com dezenas de policiais e viaturas, apoio do canil, al\u00e9m da atua\u00e7\u00e3o da Receita Estadual e da Vigil\u00e2ncia Sanit\u00e1ria, que lavraram autos de infra\u00e7\u00e3o e interditaram estabelecimentos comerciais.<\/p>\n\n\n\n<figure class=\"wp-block-image size-full\"><img loading=\"lazy\" decoding=\"async\" width=\"598\" height=\"204\" src=\"https:\/\/radiostudiow.com.br\/site\/wp-content\/uploads\/2025\/01\/SITE-MEDIO7.png\" alt=\"\" class=\"wp-image-32801\" srcset=\"https:\/\/radiostudiow.com.br\/site\/wp-content\/uploads\/2025\/01\/SITE-MEDIO7.png 598w, https:\/\/radiostudiow.com.br\/site\/wp-content\/uploads\/2025\/01\/SITE-MEDIO7-300x102.png 300w\" sizes=\"auto, (max-width: 598px) 100vw, 598px\" \/><\/figure>\n\n\n\n<p>Ao final da a\u00e7\u00e3o, quatro pessoas foram presas em flagrante e permanecem \u00e0 disposi\u00e7\u00e3o da Justi\u00e7a.<\/p>\n\n\n\n<p>A Pol\u00edcia Civil refor\u00e7a que atuar\u00e1 de forma firme no combate ao saque de cargas na regi\u00e3o e que as investiga\u00e7\u00f5es continuar\u00e3o para identificar e responsabilizar outros integrantes do grupo criminoso.<\/p>\n\n\n\n<h2 class=\"wp-block-heading has-text-align-center\">\ud83d\udea8 Colabore de forma an\u00f4nima, DENUNCIE:<\/h2>\n\n\n\n<p>\u2022197 (PCPR)<br>\u2022181(Disque-Den\u00fancia)<br>\u2022WhatsApp (42) 3521-3508 (Investiga\u00e7\u00e3o 4\u00aa SDP UVA)<\/p>\n","protected":false},"excerpt":{"rendered":"<p>A Pol\u00edcia Civil do Paran\u00e1, por meio da 4\u00aa Subdivis\u00e3o Policial de Uni\u00e3o da Vit\u00f3ria, com apoio da Delegacia da Mulher, da 10\u00aa DRP de Mallet, do 27\u00ba Batalh\u00e3o de Pol\u00edcia Militar, da Receita Estadual e da Vigil\u00e2ncia Sanit\u00e1ria, deflagrou na manh\u00e3 desta quinta-feira, 21, a \u201cOpera\u00e7\u00e3o Carga Pesada\u201d no munic\u00edpio de General Carneiro. A [&hellip;]<\/p>\n","protected":false},"author":2,"featured_media":41574,"comment_status":"open","ping_status":"open","sticky":false,"template":"","format":"standard","meta":{"footnotes":""},"categories":[2],"tags":[172],"class_list":["post-41573","post","type-post","status-publish","format-standard","has-post-thumbnail","hentry","category-policial","tag-featured"],"amp_enabled":true,"_links":{"self":[{"href":"https:\/\/radiostudiow.com.br\/site\/wp-json\/wp\/v2\/posts\/41573","targetHints":{"allow":["GET"]}}],"collection":[{"href":"https:\/\/radiostudiow.com.br\/site\/wp-json\/wp\/v2\/posts"}],"about":[{"href":"https:\/\/radiostudiow.com.br\/site\/wp-json\/wp\/v2\/types\/post"}],"author":[{"embeddable":true,"href":"https:\/\/radiostudiow.com.br\/site\/wp-json\/wp\/v2\/users\/2"}],"replies":[{"embeddable":true,"href":"https:\/\/radiostudiow.com.br\/site\/wp-json\/wp\/v2\/comments?post=41573"}],"version-history":[{"count":1,"href":"https:\/\/radiostudiow.com.br\/site\/wp-json\/wp\/v2\/posts\/41573\/revisions"}],"predecessor-version":[{"id":41575,"href":"https:\/\/radiostudiow.com.br\/site\/wp-json\/wp\/v2\/posts\/41573\/revisions\/41575"}],"wp:featuredmedia":[{"embeddable":true,"href":"https:\/\/radiostudiow.com.br\/site\/wp-json\/wp\/v2\/media\/41574"}],"wp:attachment":[{"href":"https:\/\/radiostudiow.com.br\/site\/wp-json\/wp\/v2\/media?parent=41573"}],"wp:term":[{"taxonomy":"category","embeddable":true,"href":"https:\/\/radiostudiow.com.br\/site\/wp-json\/wp\/v2\/categories?post=41573"},{"taxonomy":"post_tag","embeddable":true,"href":"https:\/\/radiostudiow.com.br\/site\/wp-json\/wp\/v2\/tags?post=41573"}],"curies":[{"name":"wp","href":"https:\/\/api.w.org\/{rel}","templated":true}]}}